{"id":5630,"date":"2016-03-02T11:30:15","date_gmt":"2016-03-02T11:30:15","guid":{"rendered":"https:\/\/www.mvgarden.com\/garden-center\/sin-categoria\/agenda-y-consejos-para-la-plantas-jardin-terraza-del-mes-de-marzo\/"},"modified":"2021-07-26T09:47:03","modified_gmt":"2021-07-26T09:47:03","slug":"agenda-y-consejos-para-la-plantas-jardin-terraza-del-mes-de-marzo","status":"publish","type":"post","link":"https:\/\/www.mvgarden.com\/garden-center\/agenda-y-consejos-para-la-plantas-jardin-terraza-del-mes-de-marzo\/","title":{"rendered":"Agenda y consejos para la plantas, jard\u00edn-terraza del mes de Marzo"},"content":{"rendered":"<h3 class=\"post-title entry-title\">Agenda y consejos para la plantas, jard\u00edn-terraza del mes de Marzo.<\/h3>\n<div class=\"post-header\"><\/div>\n<div id=\"post-body-3086715756431499525\" class=\"post-body entry-content\">\n<div class=\"entradilla_agenda\">La Naturaleza revive con fuerza y el espect\u00e1culo floral de la primavera empieza a deslumbrar. Todos los trabajos que les dediques ahora al jard\u00edn y la terraza se traducir\u00e1n en muchos meses de belleza.<\/div>\n<div class=\"separator\"><a href=\"https:\/\/www.mvgarden.com\/garden-center\/wp-content\/uploads\/2021\/07\/33.jpg\"><img decoding=\"async\" src=\"https:\/\/www.mvgarden.com\/garden-center\/wp-content\/uploads\/2021\/07\/33.jpg\" width=\"159\" height=\"136\" border=\"0\" \/><\/a><img decoding=\"async\" src=\"https:\/\/www.mvgarden.com\/garden-center\/wp-content\/uploads\/2021\/07\/18.jpg\" width=\"159\" height=\"136\" border=\"0\" \/><\/div>\n<div><img decoding=\"async\" src=\"https:\/\/www.mvgarden.com\/garden-center\/wp-content\/uploads\/2021\/07\/22.jpg\" width=\"159\" height=\"136\" \/><\/div>\n<div>Magnolia lilliflora<\/div>\n<div><span class=\"revista\">\u00a0<\/span><\/div>\n<div><span class=\"revista\">TAREAS GENERALES DEL MES<\/span><\/div>\n<div id=\"linea\">\n<div id=\"texto_agenda\">\n<div><\/div>\n<div><strong>\u2713 Plantar.<\/strong>\u00a0El calor aumenta y el riesgo de heladas se reduce, lo que hace a marzo un mes ideal para plantar \u00e1rboles y arbustos con cepell\u00f3n, setos, vivaces, tapizantes, arom\u00e1ticas, gram\u00edneas, anuales, bulbosas de verano&#8230;<\/div>\n<div><\/div>\n<div><strong>\u2713 Abonar.\u00a0<\/strong>A comienzos de marzo se debe aplicar abono org\u00e1nico en parterres y arriates, jardineras y tiestos.<\/div>\n<div><\/div>\n<div><strong>\u2713 Regar.<\/strong>\u00a0Si no llueve, muy pronto ser\u00e1 necesario empezar a regar. Hay que poner a punto el sistema de riego autom\u00e1tico: revisar la arqueta y los goteros, limpiar los filtros de los aspersores y comprobar el solapamiento de las \u00e1reas de aspersi\u00f3n, y programar los turnos de riego.<\/div>\n<div><\/div>\n<div><\/div>\n<\/div>\n<div><\/div>\n<\/div>\n<div><\/div>\n<div><\/div>\n<div><\/div>\n<div><\/div>\n<div><\/div>\n<div id=\"solapa\">\n<p><a href=\"https:\/\/www.mvgarden.com\/garden-center\/wp-content\/uploads\/2021\/07\/ico_agenda_1.gif\"><img decoding=\"async\" src=\"https:\/\/www.mvgarden.com\/garden-center\/wp-content\/uploads\/2021\/07\/ico_agenda_1.gif\" width=\"68\" height=\"41\" border=\"0\" \/><\/a><\/p>\n<div class=\"titulo_solapa\">\u00c1rboles, arbustos y trepadoras<\/div>\n<div><\/div>\n<div><strong>Entutorar los arbolitos y arbustos<\/strong><\/div>\n<div>Los \u00e1rboles peque\u00f1os y muchos arbustos erectos (los rastreros y enanos no lo necesitan) crecer\u00e1n mejor si se les coloca un tutor o una estaca. Lo mejor es clavarlo en el hoyo antes de introducir la planta; si se hiciera despu\u00e9s se corre el riesgo de afectar el cepell\u00f3n. El tutor debe colocarse del lado del viento dominante; en el caso de algunos \u00e1rboles ser\u00e1 mejor colocar tres tutores unidos por tablas. Las mejores sujeciones son las tiras de goma. Los tutores deben mantenese unos dos a\u00f1os.<\/div>\n<div><\/div>\n<div><strong>Mimos a los rosales<\/strong><\/div>\n<div>Los rosales necesitar\u00e1n una atenci\u00f3n especial a partir de ahora para florecer en abundancia en mayo: mulle el terreno, elimina las malas hierbas y los chupones, y ap\u00f3rtales esti\u00e9rcol. Una o dos veces por semana, ri\u00e9galos al pie al mediod\u00eda (especialmente en las zonas con riesgo de heladas), y vigila las plagas. M\u00e1s sobre cuidados de los rosales en las p\u00e1ginas 54-55 de Verde es Vida n\u00ba 63.<\/div>\n<div><\/div>\n<div><strong>La poda de las hortensias<\/strong><\/div>\n<div>Seg\u00fan la regi\u00f3n, las hortensias se podan en febrero (zonas templadas) o marzo, ya que forman los botones por horas\/fr\u00edo. Corta m\u00e1s o menos un tercio de las ramas y deja una yema en el extremo. Tambi\u00e9n se podan ahora las budleyas, rosas de Siria (si hace falta) y otras plantas de floraci\u00f3n estival sensibles al fr\u00edo.<\/div>\n<\/div>\n<div><\/div>\n<div><\/div>\n<div><\/div>\n<div><\/div>\n<div id=\"solapa_1\">\n<p><a href=\"https:\/\/www.mvgarden.com\/garden-center\/wp-content\/uploads\/2021\/07\/ico_agenda_2.gif\"><img decoding=\"async\" src=\"https:\/\/www.mvgarden.com\/garden-center\/wp-content\/uploads\/2021\/07\/ico_agenda_2.gif\" width=\"68\" height=\"41\" border=\"0\" \/><\/a><\/p>\n<div class=\"titulo_solapa\">Plantas de flor<\/div>\n<div><\/div>\n<div><strong>Por una floraci\u00f3n duradera<\/strong><\/div>\n<div>\u2022 Las bulbosas de floraci\u00f3n primaveral (<strong>tulipanes, narcisos, jacintos, muscaris<\/strong>) est\u00e1n en pleno esplendor. Para que la floraci\u00f3n dure m\u00e1s ap\u00f3rtales abono para bulbosas, ri\u00e9galas al menos una vez por semana, y vigila a las babosas y caracoles, sus principales enemigos.<\/div>\n<div>\u2022 Libera de malas hierbas a las\u00a0<strong>anuales que est\u00e1n en flor;<\/strong>\u00a0mant\u00e9n acolchadas las ra\u00edces con corteza de pino o paja limpia, sobre todo si la zona es fr\u00eda; elimina las flores marchitas, y ri\u00e9galas al menos una vez por semana.<\/div>\n<div><\/div>\n<div><strong>Planta los bulbos de verano<\/strong><\/div>\n<div>Si el pr\u00f3ximo verano quieres\u00a0<strong>dalias, gladiolos, calas, ca\u00f1as de las Indias, amarilis, hemerocallis, azucenas&#8230;\u00a0<\/strong>entierra ya los bulbos, cormos y rizomas en arriates, rocallas y jardineras.<\/div>\n<div><strong>\u2022 El sustrato.\u00a0<\/strong>Es clave que drene bien, caso contrario el \u00f3rgano de reserva se pudrir\u00e1. Una tierra rica y de textura franco arenosa es lo m\u00e1s adecuado.<\/div>\n<div><strong>\u2022 La posici\u00f3n.<\/strong>\u00a0Estas bulbosas, en general, necesitan un sitio soleado.<\/div>\n<div><\/div>\n<div><\/div>\n<div><\/div>\n<div><\/div>\n<div><b><span class=\"Apple-style-span\"><strong>\u2022 El abono.\u00a0<\/strong>Ap\u00f3rtales un fertilizante para bulbosas para incrementar la floraci\u00f3n.<\/span><\/b><\/div>\n<p>&nbsp;<\/p>\n<div><\/div>\n<div><strong>\u2022 El riego.\u00a0<\/strong>El sustrato no debe secarse, pero mucho cuidado con encharcarlo.<\/div>\n<div><strong>\u2022 Los enemigos.<\/strong>\u00a0Mant\u00e9n a raya a babosas y caracoles.<\/div>\n<\/div>\n<div><\/div>\n<div><\/div>\n<div><\/div>\n<div id=\"solapa_2\">\n<p><a href=\"https:\/\/www.mvgarden.com\/garden-center\/wp-content\/uploads\/2021\/07\/ico_agenda_3.gif\"><img decoding=\"async\" src=\"https:\/\/www.mvgarden.com\/garden-center\/wp-content\/uploads\/2021\/07\/ico_agenda_3.gif\" width=\"68\" height=\"41\" border=\"0\" \/><\/a><\/p>\n<div class=\"titulo_solapa\">Plantas de interior<\/div>\n<div><\/div>\n<div><strong>Dales un sustrato nuevo<\/strong><\/div>\n<div>Marzo es el mes ideal para renovar el sustrato y cambiar de tiesto\u00a0<strong>espatifilios, ficus, filodendros, helechos,<\/strong>\u00a0plantas que necesitan una tierra rica en nutrientes y espacio vital. Si no lo haces cada dos a\u00f1os, aproximadamente, sufrir\u00e1n. Riega bien el sustrato para que te resulte m\u00e1s f\u00e1cil extraerla de la maceta vieja, y recorta las ra\u00edces que sobresalgan. Recorta el cepell\u00f3n un tercio con un cuchillo muy afilado si no quieres que crezcan m\u00e1s y has decidido dejarlas en el mismo contenedor. Coloca de inmediato la planta en un tiesto con sustrato nuevo, aprieta bien para eliminar las bolsas de aire y riega generosamente.<\/div>\n<div><b>\u00a0<\/b><\/div>\n<div><strong>Multiplica los ejemplare<\/strong><strong>s<\/strong><\/div>\n<div>Ya que vas a trasplantarlas, puedes obtener m\u00e1s ejemplares, como en el caso de la\u00a0<strong>sanseviera<\/strong>(b\u00fascales un tiesto peque\u00f1o: a las plantas de esta especie les gusta estar un poco apretadas). Es una tarea ideal para involucrar a los ni\u00f1os. Si dejas los hijuelos en agua te asegurar\u00e1s de que echan ra\u00edces.<\/div>\n<div><\/div>\n<div><strong>Comienza a fertilizarlas<\/strong><\/div>\n<div>Este mes se reinicia el abonado de las plantas de interior, una vez que han salido del reposo invernal. En tu centro de jardiner\u00eda encontrar\u00e1s fertilizantes l\u00edquidos para este tipo de especies. Respeta la dosificaci\u00f3n y aplica la soluci\u00f3n de agua y abono sobre el sustrato humedecido.<\/div>\n<\/div>\n<div><\/div>\n<div><\/div>\n<div><\/div>\n<div><\/div>\n<div id=\"solapa_3\">\n<p><a href=\"https:\/\/www.mvgarden.com\/garden-center\/wp-content\/uploads\/2021\/07\/ico_agenda_4.gif\"><img decoding=\"async\" src=\"https:\/\/www.mvgarden.com\/garden-center\/wp-content\/uploads\/2021\/07\/ico_agenda_4.gif\" width=\"68\" height=\"41\" border=\"0\" \/><\/a><\/p>\n<div class=\"titulo_solapa\">Huerto<\/div>\n<div><\/div>\n<div><strong>Mucho que sembrar<\/strong><\/div>\n<div><strong>\u2022 Las patatas<\/strong>\u00a0empiezan a llenarse de brotes, pidiendo ir a la tierra. Si quieres cultivarlas en tu huerto, utiliza un sustrato rico pero suelto, con buen drenaje. En unas 15-18 semanas obtendr\u00e1s por cada unidad una buena cantidad de patatas, as\u00ed que enti\u00e9rralas a unos 40 cent\u00edmetros unas de otras.<\/div>\n<div><\/div>\n<div>\u2022 Cada dos semanas, si el tiempo lo permite,\u00a0<strong>siembra guisantes, zanahorias, jud\u00edas verdes, cebollas, espinacas, r\u00facula, can\u00f3nigos, lechugas de primavera,<\/strong>\u00a0para obtener una cosecha escalonada en el verano.<\/div>\n<div><\/div>\n<div><strong>Protege tus plantacione<\/strong><strong>s<\/strong><\/div>\n<div>\u2022 Ya se sabe: \u201cMarzo enga\u00f1ador, un d\u00eda malo, otro peor\u201d, as\u00ed que toma precauciones. Si la temperatura nocturna baja de 10\u00ba, protege los plantones con campanas o t\u00faneles provisionales. Por si lloviera mucho, siembra o planta sobre el terreno cubierto con pl\u00e1stico o paja.<\/div>\n<\/div>\n<div><\/div>\n<div><\/div>\n<div><\/div>\n<div><\/div>\n<div><\/div>\n<div id=\"solapa_4\">\n<p><a href=\"https:\/\/www.mvgarden.com\/garden-center\/wp-content\/uploads\/2021\/07\/ico_agenda_5.gif\"><img decoding=\"async\" src=\"https:\/\/www.mvgarden.com\/garden-center\/wp-content\/uploads\/2021\/07\/ico_agenda_5.gif\" width=\"68\" height=\"41\" border=\"0\" \/><\/a><\/p>\n<div class=\"titulo_solapa\">La pradera<\/div>\n<div><\/div>\n<div><strong>Cuidados y \u2018alimento\u2019 para el c\u00e9sped<\/strong><\/div>\n<div>Marzo es el mes en el que la pradera ha de ponerse a punto. Si ya has aplicado herbicidas y has resembrado (ver tareas de febrero), ahora toca escarificarla para permitir que llegue el agua y el aire a las ra\u00edces, y a continuaci\u00f3n\u00a0<strong>fertilizarla con abono org\u00e1nico<\/strong>\u00a0(esti\u00e9rcol, mantillo, humus de lombriz) para estimular el crecimiento de la hierba. Tambi\u00e9n ha llegado el momento de la\u00a0<strong>primera siega,<\/strong>\u00a0aunque dejando el c\u00e9sped alto.<\/div>\n<\/div>\n<\/div>\n","protected":false},"excerpt":{"rendered":"<p>Agenda y consejos para la plantas, jard\u00edn-terraza del mes de Marzo. La Naturaleza revive con fuerza y el espect\u00e1culo floral de la primavera empieza a deslumbrar. Todos los trabajos que les dediques ahora al jard\u00edn y la terraza se traducir\u00e1n en muchos meses de belleza. Magnolia lilliflora \u00a0 TAREAS GENERALES DEL MES \u2713 Plantar.\u00a0El calor [&hellip;]<\/p>\n","protected":false},"author":2,"featured_media":9388,"comment_status":"closed","ping_status":"open","sticky":false,"template":"","format":"standard","meta":{"inline_featured_image":false,"footnotes":""},"categories":[34],"tags":[53,111,82,158],"class_list":["post-5630","post","type-post","status-publish","format-standard","has-post-thumbnail","hentry","category-plantas-y-flores","tag-balcon","tag-cesped-del-jardin","tag-consejos-jardineria","tag-huerta"],"yoast_head":"<!-- This site is optimized with the Yoast SEO plugin v27.4 - https:\/\/yoast.com\/product\/yoast-seo-wordpress\/ -->\n<title>Agenda y consejos para la plantas, jard\u00edn-terraza del mes de Marzo - Mvgarden<\/title>\n<meta name=\"robots\" content=\"index, follow, max-snippet:-1, max-image-preview:large, max-video-preview:-1\" \/>\n<link rel=\"canonical\" href=\"https:\/\/www.mvgarden.com\/garden-center\/agenda-y-consejos-para-la-plantas-jardin-terraza-del-mes-de-marzo\/\" \/>\n<meta property=\"og:locale\" content=\"es_ES\" \/>\n<meta property=\"og:type\" content=\"article\" \/>\n<meta property=\"og:title\" content=\"Agenda y consejos para la plantas, jard\u00edn-terraza del mes de Marzo - Mvgarden\" \/>\n<meta property=\"og:description\" content=\"Agenda y consejos para la plantas, jard\u00edn-terraza del mes de Marzo. La Naturaleza revive con fuerza y el espect\u00e1culo floral de la primavera empieza a deslumbrar. Todos los trabajos que les dediques ahora al jard\u00edn y la terraza se traducir\u00e1n en muchos meses de belleza. Magnolia lilliflora \u00a0 TAREAS GENERALES DEL MES \u2713 Plantar.\u00a0El calor [&hellip;]\" \/>\n<meta property=\"og:url\" content=\"https:\/\/www.mvgarden.com\/garden-center\/agenda-y-consejos-para-la-plantas-jardin-terraza-del-mes-de-marzo\/\" \/>\n<meta property=\"og:site_name\" content=\"Mvgarden\" \/>\n<meta property=\"article:publisher\" content=\"https:\/\/www.facebook.com\/mvgarden.sopelana\/\" \/>\n<meta property=\"article:published_time\" content=\"2016-03-02T11:30:15+00:00\" \/>\n<meta property=\"article:modified_time\" content=\"2021-07-26T09:47:03+00:00\" \/>\n<meta property=\"og:image\" content=\"https:\/\/www.mvgarden.com\/garden-center\/wp-content\/uploads\/2017\/09\/Consejos-Garden-Center-Sopela.png\" \/>\n\t<meta property=\"og:image:width\" content=\"800\" \/>\n\t<meta property=\"og:image:height\" content=\"600\" \/>\n\t<meta property=\"og:image:type\" content=\"image\/png\" \/>\n<meta name=\"author\" content=\"oscarmv\" \/>\n<meta name=\"twitter:card\" content=\"summary_large_image\" \/>\n<meta name=\"twitter:label1\" content=\"Escrito por\" \/>\n\t<meta name=\"twitter:data1\" content=\"oscarmv\" \/>\n\t<meta name=\"twitter:label2\" content=\"Tiempo de lectura\" \/>\n\t<meta name=\"twitter:data2\" content=\"5 minutos\" \/>\n<script type=\"application\/ld+json\" class=\"yoast-schema-graph\">{\"@context\":\"https:\\\/\\\/schema.org\",\"@graph\":[{\"@type\":\"Article\",\"@id\":\"https:\\\/\\\/www.mvgarden.com\\\/garden-center\\\/agenda-y-consejos-para-la-plantas-jardin-terraza-del-mes-de-marzo\\\/#article\",\"isPartOf\":{\"@id\":\"https:\\\/\\\/www.mvgarden.com\\\/garden-center\\\/agenda-y-consejos-para-la-plantas-jardin-terraza-del-mes-de-marzo\\\/\"},\"author\":{\"name\":\"oscarmv\",\"@id\":\"https:\\\/\\\/www.mvgarden.com\\\/garden-center\\\/#\\\/schema\\\/person\\\/6cf644e40ad2a6e6cec5f4de3d1a77ba\"},\"headline\":\"Agenda y consejos para la plantas, jard\u00edn-terraza del mes de Marzo\",\"datePublished\":\"2016-03-02T11:30:15+00:00\",\"dateModified\":\"2021-07-26T09:47:03+00:00\",\"mainEntityOfPage\":{\"@id\":\"https:\\\/\\\/www.mvgarden.com\\\/garden-center\\\/agenda-y-consejos-para-la-plantas-jardin-terraza-del-mes-de-marzo\\\/\"},\"wordCount\":1095,\"publisher\":{\"@id\":\"https:\\\/\\\/www.mvgarden.com\\\/garden-center\\\/#organization\"},\"image\":{\"@id\":\"https:\\\/\\\/www.mvgarden.com\\\/garden-center\\\/agenda-y-consejos-para-la-plantas-jardin-terraza-del-mes-de-marzo\\\/#primaryimage\"},\"thumbnailUrl\":\"https:\\\/\\\/www.mvgarden.com\\\/garden-center\\\/wp-content\\\/uploads\\\/2017\\\/09\\\/Consejos-Garden-Center-Sopela.png\",\"keywords\":[\"Balc\u00f3n\",\"C\u00e9sped del jard\u00edn\",\"Consejos jardiner\u00eda\",\"Huerta\"],\"articleSection\":[\"Plantas y flores\"],\"inLanguage\":\"es\"},{\"@type\":\"WebPage\",\"@id\":\"https:\\\/\\\/www.mvgarden.com\\\/garden-center\\\/agenda-y-consejos-para-la-plantas-jardin-terraza-del-mes-de-marzo\\\/\",\"url\":\"https:\\\/\\\/www.mvgarden.com\\\/garden-center\\\/agenda-y-consejos-para-la-plantas-jardin-terraza-del-mes-de-marzo\\\/\",\"name\":\"Agenda y consejos para la plantas, jard\u00edn-terraza del mes de Marzo - Mvgarden\",\"isPartOf\":{\"@id\":\"https:\\\/\\\/www.mvgarden.com\\\/garden-center\\\/#website\"},\"primaryImageOfPage\":{\"@id\":\"https:\\\/\\\/www.mvgarden.com\\\/garden-center\\\/agenda-y-consejos-para-la-plantas-jardin-terraza-del-mes-de-marzo\\\/#primaryimage\"},\"image\":{\"@id\":\"https:\\\/\\\/www.mvgarden.com\\\/garden-center\\\/agenda-y-consejos-para-la-plantas-jardin-terraza-del-mes-de-marzo\\\/#primaryimage\"},\"thumbnailUrl\":\"https:\\\/\\\/www.mvgarden.com\\\/garden-center\\\/wp-content\\\/uploads\\\/2017\\\/09\\\/Consejos-Garden-Center-Sopela.png\",\"datePublished\":\"2016-03-02T11:30:15+00:00\",\"dateModified\":\"2021-07-26T09:47:03+00:00\",\"breadcrumb\":{\"@id\":\"https:\\\/\\\/www.mvgarden.com\\\/garden-center\\\/agenda-y-consejos-para-la-plantas-jardin-terraza-del-mes-de-marzo\\\/#breadcrumb\"},\"inLanguage\":\"es\",\"potentialAction\":[{\"@type\":\"ReadAction\",\"target\":[\"https:\\\/\\\/www.mvgarden.com\\\/garden-center\\\/agenda-y-consejos-para-la-plantas-jardin-terraza-del-mes-de-marzo\\\/\"]}]},{\"@type\":\"ImageObject\",\"inLanguage\":\"es\",\"@id\":\"https:\\\/\\\/www.mvgarden.com\\\/garden-center\\\/agenda-y-consejos-para-la-plantas-jardin-terraza-del-mes-de-marzo\\\/#primaryimage\",\"url\":\"https:\\\/\\\/www.mvgarden.com\\\/garden-center\\\/wp-content\\\/uploads\\\/2017\\\/09\\\/Consejos-Garden-Center-Sopela.png\",\"contentUrl\":\"https:\\\/\\\/www.mvgarden.com\\\/garden-center\\\/wp-content\\\/uploads\\\/2017\\\/09\\\/Consejos-Garden-Center-Sopela.png\",\"width\":800,\"height\":600,\"caption\":\"Consejos Garden Center Sopela\"},{\"@type\":\"BreadcrumbList\",\"@id\":\"https:\\\/\\\/www.mvgarden.com\\\/garden-center\\\/agenda-y-consejos-para-la-plantas-jardin-terraza-del-mes-de-marzo\\\/#breadcrumb\",\"itemListElement\":[{\"@type\":\"ListItem\",\"position\":1,\"name\":\"Portada\",\"item\":\"https:\\\/\\\/www.mvgarden.com\\\/garden-center\\\/\"},{\"@type\":\"ListItem\",\"position\":2,\"name\":\"Agenda y consejos para la plantas, jard\u00edn-terraza del mes de Marzo\"}]},{\"@type\":\"WebSite\",\"@id\":\"https:\\\/\\\/www.mvgarden.com\\\/garden-center\\\/#website\",\"url\":\"https:\\\/\\\/www.mvgarden.com\\\/garden-center\\\/\",\"name\":\"Garden Center\",\"description\":\"Garden center Sopela\",\"publisher\":{\"@id\":\"https:\\\/\\\/www.mvgarden.com\\\/garden-center\\\/#organization\"},\"potentialAction\":[{\"@type\":\"SearchAction\",\"target\":{\"@type\":\"EntryPoint\",\"urlTemplate\":\"https:\\\/\\\/www.mvgarden.com\\\/garden-center\\\/?s={search_term_string}\"},\"query-input\":{\"@type\":\"PropertyValueSpecification\",\"valueRequired\":true,\"valueName\":\"search_term_string\"}}],\"inLanguage\":\"es\"},{\"@type\":\"Organization\",\"@id\":\"https:\\\/\\\/www.mvgarden.com\\\/garden-center\\\/#organization\",\"name\":\"Garden Center\",\"url\":\"https:\\\/\\\/www.mvgarden.com\\\/garden-center\\\/\",\"logo\":{\"@type\":\"ImageObject\",\"inLanguage\":\"es\",\"@id\":\"https:\\\/\\\/www.mvgarden.com\\\/garden-center\\\/#\\\/schema\\\/logo\\\/image\\\/\",\"url\":\"https:\\\/\\\/www.mvgarden.com\\\/garden-center\\\/wp-content\\\/uploads\\\/2024\\\/05\\\/logo_mv_form.png\",\"contentUrl\":\"https:\\\/\\\/www.mvgarden.com\\\/garden-center\\\/wp-content\\\/uploads\\\/2024\\\/05\\\/logo_mv_form.png\",\"width\":127,\"height\":97,\"caption\":\"Garden Center\"},\"image\":{\"@id\":\"https:\\\/\\\/www.mvgarden.com\\\/garden-center\\\/#\\\/schema\\\/logo\\\/image\\\/\"},\"sameAs\":[\"https:\\\/\\\/www.facebook.com\\\/mvgarden.sopelana\\\/\",\"https:\\\/\\\/www.instagram.com\\\/gardencentersopela\"]},{\"@type\":\"Person\",\"@id\":\"https:\\\/\\\/www.mvgarden.com\\\/garden-center\\\/#\\\/schema\\\/person\\\/6cf644e40ad2a6e6cec5f4de3d1a77ba\",\"name\":\"oscarmv\",\"url\":\"https:\\\/\\\/www.mvgarden.com\\\/garden-center\\\/author\\\/oscarmv\\\/\"}]}<\/script>\n<!-- \/ Yoast SEO plugin. -->","yoast_head_json":{"title":"Agenda y consejos para la plantas, jard\u00edn-terraza del mes de Marzo - Mvgarden","robots":{"index":"index","follow":"follow","max-snippet":"max-snippet:-1","max-image-preview":"max-image-preview:large","max-video-preview":"max-video-preview:-1"},"canonical":"https:\/\/www.mvgarden.com\/garden-center\/agenda-y-consejos-para-la-plantas-jardin-terraza-del-mes-de-marzo\/","og_locale":"es_ES","og_type":"article","og_title":"Agenda y consejos para la plantas, jard\u00edn-terraza del mes de Marzo - Mvgarden","og_description":"Agenda y consejos para la plantas, jard\u00edn-terraza del mes de Marzo. La Naturaleza revive con fuerza y el espect\u00e1culo floral de la primavera empieza a deslumbrar. Todos los trabajos que les dediques ahora al jard\u00edn y la terraza se traducir\u00e1n en muchos meses de belleza. Magnolia lilliflora \u00a0 TAREAS GENERALES DEL MES \u2713 Plantar.\u00a0El calor [&hellip;]","og_url":"https:\/\/www.mvgarden.com\/garden-center\/agenda-y-consejos-para-la-plantas-jardin-terraza-del-mes-de-marzo\/","og_site_name":"Mvgarden","article_publisher":"https:\/\/www.facebook.com\/mvgarden.sopelana\/","article_published_time":"2016-03-02T11:30:15+00:00","article_modified_time":"2021-07-26T09:47:03+00:00","og_image":[{"width":800,"height":600,"url":"https:\/\/www.mvgarden.com\/garden-center\/wp-content\/uploads\/2017\/09\/Consejos-Garden-Center-Sopela.png","type":"image\/png"}],"author":"oscarmv","twitter_card":"summary_large_image","twitter_misc":{"Escrito por":"oscarmv","Tiempo de lectura":"5 minutos"},"schema":{"@context":"https:\/\/schema.org","@graph":[{"@type":"Article","@id":"https:\/\/www.mvgarden.com\/garden-center\/agenda-y-consejos-para-la-plantas-jardin-terraza-del-mes-de-marzo\/#article","isPartOf":{"@id":"https:\/\/www.mvgarden.com\/garden-center\/agenda-y-consejos-para-la-plantas-jardin-terraza-del-mes-de-marzo\/"},"author":{"name":"oscarmv","@id":"https:\/\/www.mvgarden.com\/garden-center\/#\/schema\/person\/6cf644e40ad2a6e6cec5f4de3d1a77ba"},"headline":"Agenda y consejos para la plantas, jard\u00edn-terraza del mes de Marzo","datePublished":"2016-03-02T11:30:15+00:00","dateModified":"2021-07-26T09:47:03+00:00","mainEntityOfPage":{"@id":"https:\/\/www.mvgarden.com\/garden-center\/agenda-y-consejos-para-la-plantas-jardin-terraza-del-mes-de-marzo\/"},"wordCount":1095,"publisher":{"@id":"https:\/\/www.mvgarden.com\/garden-center\/#organization"},"image":{"@id":"https:\/\/www.mvgarden.com\/garden-center\/agenda-y-consejos-para-la-plantas-jardin-terraza-del-mes-de-marzo\/#primaryimage"},"thumbnailUrl":"https:\/\/www.mvgarden.com\/garden-center\/wp-content\/uploads\/2017\/09\/Consejos-Garden-Center-Sopela.png","keywords":["Balc\u00f3n","C\u00e9sped del jard\u00edn","Consejos jardiner\u00eda","Huerta"],"articleSection":["Plantas y flores"],"inLanguage":"es"},{"@type":"WebPage","@id":"https:\/\/www.mvgarden.com\/garden-center\/agenda-y-consejos-para-la-plantas-jardin-terraza-del-mes-de-marzo\/","url":"https:\/\/www.mvgarden.com\/garden-center\/agenda-y-consejos-para-la-plantas-jardin-terraza-del-mes-de-marzo\/","name":"Agenda y consejos para la plantas, jard\u00edn-terraza del mes de Marzo - Mvgarden","isPartOf":{"@id":"https:\/\/www.mvgarden.com\/garden-center\/#website"},"primaryImageOfPage":{"@id":"https:\/\/www.mvgarden.com\/garden-center\/agenda-y-consejos-para-la-plantas-jardin-terraza-del-mes-de-marzo\/#primaryimage"},"image":{"@id":"https:\/\/www.mvgarden.com\/garden-center\/agenda-y-consejos-para-la-plantas-jardin-terraza-del-mes-de-marzo\/#primaryimage"},"thumbnailUrl":"https:\/\/www.mvgarden.com\/garden-center\/wp-content\/uploads\/2017\/09\/Consejos-Garden-Center-Sopela.png","datePublished":"2016-03-02T11:30:15+00:00","dateModified":"2021-07-26T09:47:03+00:00","breadcrumb":{"@id":"https:\/\/www.mvgarden.com\/garden-center\/agenda-y-consejos-para-la-plantas-jardin-terraza-del-mes-de-marzo\/#breadcrumb"},"inLanguage":"es","potentialAction":[{"@type":"ReadAction","target":["https:\/\/www.mvgarden.com\/garden-center\/agenda-y-consejos-para-la-plantas-jardin-terraza-del-mes-de-marzo\/"]}]},{"@type":"ImageObject","inLanguage":"es","@id":"https:\/\/www.mvgarden.com\/garden-center\/agenda-y-consejos-para-la-plantas-jardin-terraza-del-mes-de-marzo\/#primaryimage","url":"https:\/\/www.mvgarden.com\/garden-center\/wp-content\/uploads\/2017\/09\/Consejos-Garden-Center-Sopela.png","contentUrl":"https:\/\/www.mvgarden.com\/garden-center\/wp-content\/uploads\/2017\/09\/Consejos-Garden-Center-Sopela.png","width":800,"height":600,"caption":"Consejos Garden Center Sopela"},{"@type":"BreadcrumbList","@id":"https:\/\/www.mvgarden.com\/garden-center\/agenda-y-consejos-para-la-plantas-jardin-terraza-del-mes-de-marzo\/#breadcrumb","itemListElement":[{"@type":"ListItem","position":1,"name":"Portada","item":"https:\/\/www.mvgarden.com\/garden-center\/"},{"@type":"ListItem","position":2,"name":"Agenda y consejos para la plantas, jard\u00edn-terraza del mes de Marzo"}]},{"@type":"WebSite","@id":"https:\/\/www.mvgarden.com\/garden-center\/#website","url":"https:\/\/www.mvgarden.com\/garden-center\/","name":"Garden Center","description":"Garden center Sopela","publisher":{"@id":"https:\/\/www.mvgarden.com\/garden-center\/#organization"},"potentialAction":[{"@type":"SearchAction","target":{"@type":"EntryPoint","urlTemplate":"https:\/\/www.mvgarden.com\/garden-center\/?s={search_term_string}"},"query-input":{"@type":"PropertyValueSpecification","valueRequired":true,"valueName":"search_term_string"}}],"inLanguage":"es"},{"@type":"Organization","@id":"https:\/\/www.mvgarden.com\/garden-center\/#organization","name":"Garden Center","url":"https:\/\/www.mvgarden.com\/garden-center\/","logo":{"@type":"ImageObject","inLanguage":"es","@id":"https:\/\/www.mvgarden.com\/garden-center\/#\/schema\/logo\/image\/","url":"https:\/\/www.mvgarden.com\/garden-center\/wp-content\/uploads\/2024\/05\/logo_mv_form.png","contentUrl":"https:\/\/www.mvgarden.com\/garden-center\/wp-content\/uploads\/2024\/05\/logo_mv_form.png","width":127,"height":97,"caption":"Garden Center"},"image":{"@id":"https:\/\/www.mvgarden.com\/garden-center\/#\/schema\/logo\/image\/"},"sameAs":["https:\/\/www.facebook.com\/mvgarden.sopelana\/","https:\/\/www.instagram.com\/gardencentersopela"]},{"@type":"Person","@id":"https:\/\/www.mvgarden.com\/garden-center\/#\/schema\/person\/6cf644e40ad2a6e6cec5f4de3d1a77ba","name":"oscarmv","url":"https:\/\/www.mvgarden.com\/garden-center\/author\/oscarmv\/"}]}},"_links":{"self":[{"href":"https:\/\/www.mvgarden.com\/garden-center\/wp-json\/wp\/v2\/posts\/5630","targetHints":{"allow":["GET"]}}],"collection":[{"href":"https:\/\/www.mvgarden.com\/garden-center\/wp-json\/wp\/v2\/posts"}],"about":[{"href":"https:\/\/www.mvgarden.com\/garden-center\/wp-json\/wp\/v2\/types\/post"}],"author":[{"embeddable":true,"href":"https:\/\/www.mvgarden.com\/garden-center\/wp-json\/wp\/v2\/users\/2"}],"replies":[{"embeddable":true,"href":"https:\/\/www.mvgarden.com\/garden-center\/wp-json\/wp\/v2\/comments?post=5630"}],"version-history":[{"count":2,"href":"https:\/\/www.mvgarden.com\/garden-center\/wp-json\/wp\/v2\/posts\/5630\/revisions"}],"predecessor-version":[{"id":9403,"href":"https:\/\/www.mvgarden.com\/garden-center\/wp-json\/wp\/v2\/posts\/5630\/revisions\/9403"}],"wp:featuredmedia":[{"embeddable":true,"href":"https:\/\/www.mvgarden.com\/garden-center\/wp-json\/wp\/v2\/media\/9388"}],"wp:attachment":[{"href":"https:\/\/www.mvgarden.com\/garden-center\/wp-json\/wp\/v2\/media?parent=5630"}],"wp:term":[{"taxonomy":"category","embeddable":true,"href":"https:\/\/www.mvgarden.com\/garden-center\/wp-json\/wp\/v2\/categories?post=5630"},{"taxonomy":"post_tag","embeddable":true,"href":"https:\/\/www.mvgarden.com\/garden-center\/wp-json\/wp\/v2\/tags?post=5630"}],"curies":[{"name":"wp","href":"https:\/\/api.w.org\/{rel}","templated":true}]}}