{"id":5789,"date":"2017-08-03T15:10:27","date_gmt":"2017-08-03T15:10:27","guid":{"rendered":"https:\/\/www.mvgarden.com\/garden-center\/sin-categoria\/agenda-del-jardin-terraza-huerta-agosto\/"},"modified":"2021-07-27T08:13:55","modified_gmt":"2021-07-27T08:13:55","slug":"agenda-del-jardin-terraza-huerta-agosto","status":"publish","type":"post","link":"https:\/\/www.mvgarden.com\/garden-center\/agenda-del-jardin-terraza-huerta-agosto\/","title":{"rendered":"Agenda del jard\u00edn, terraza y huerta Agosto"},"content":{"rendered":"<p>La ausencia por vacaciones suele representar la prueba m\u00e1s dura del a\u00f1o para las plantas del jard\u00edn y la terraza. Y mucho m\u00e1s si el calor aprieta. \u00bfQui\u00e9n se queda a cargo? \u00bfEl portero, la vecina, un amigo, un familiar? \u00bfEl riego autom\u00e1tico? Sea quien fuere hay que dejarlo todo bien preparado.<\/p>\n<p><span class=\"revista\">TAREAS GENERALES DEL MES<\/span><\/p>\n<div id=\"linea\">\n<div id=\"texto_agenda\">\n<p><strong>\u2713 El riego sigue siendo de m\u00e1xima importancia <\/strong>en agosto, especialmente si las plantas se cultivan en maceta o jardinera. Utiliza aspersi\u00f3n para el c\u00e9sped; goteo para los arbustos, anuales y vivaces, setos y \u00e1rboles, y regadera o inmersi\u00f3n (seg\u00fan) para algunas plantas de interior.<\/p>\n<p><strong>\u2713 Las plagas y hongos, bajo control.\u00a0<\/strong>No puedes descuidarte. En lo posible, utiliza plaguicidas sist\u00e9micos y fungicidas de amplio espectro.<\/p>\n<p><strong>\u2713 Malas hierbas, a raya. <\/strong>La escarda de malas hierbas debe continuar.<\/p>\n<p><strong>\u2713 Suspende el abonado de las plantas de flor y de interior<\/strong>.\u00a0Cuando hace tanto calor no les conviene.<\/p>\n<p><strong>\u2713 Prepara las plantaciones de oto\u00f1o. <\/strong>A partir del 15 de agosto, cuando empiece a hacer menos calor, abre los hoyos para las plantaciones de septiembre y mezcla la tierra con mantillo.<\/p>\n<\/div>\n<div id=\"linea\">\n<div id=\"linea\">\n<h2><img decoding=\"async\" src=\"https:\/\/www.mvgarden.com\/garden-center\/wp-content\/uploads\/2021\/07\/ico_agenda_1.gif\" width=\"68\" height=\"41\" border=\"0\" \/>\u00c1rboles, arbustos y trepadoras<\/h2>\n<p><strong>Coge las podaderas y&#8230;<\/strong><\/p>\n<p><strong><strong>\u2713<\/strong>\u00a0Dales un buen recorte a los rosales. <\/strong>Si quieres tener rosas en oto\u00f1o poda fuerte los rosales en agosto.<\/p>\n<p><strong><strong>\u2713\u00a0<\/strong>Repasa los setos de con\u00edferas.<\/strong> En la segunda quincena de agosto, las con\u00edferas, sobre todo si se hallan en setos, necesitar\u00e1n un recorte para recuperar la forma. Espera que pasen los d\u00edas m\u00e1s calientes para coger las podaderas.<\/p>\n<p><strong>\u2713<\/strong>\u00a0<strong>Haz poda de limpieza<\/strong><strong> de arbustos y trepadoras.<\/strong> Revisa los arbustos y trepadoras y lib\u00e9ralos de las ramas secas, d\u00e9biles o enmara\u00f1adas. Recuerda que la poda fuerte de los arbustos de floraci\u00f3n estival no debe hacerse hasta finales del invierno.<\/p>\n<p><strong>Acolcha para conservar la humedad<\/strong><\/p>\n<p>Antes de partir de vacaciones, acolcha el pie de \u00e1rboles, arbustos y trepadoras para que el sustrato se conserve h\u00famedo m\u00e1s tiempo.<\/p>\n<p><strong>Vigila la salud de las con\u00edferas<\/strong><\/p>\n<p>Si las ac\u00edculas de las con\u00edferas est\u00e1n marrones, tal vez est\u00e9n sufriendo el ataque de hongos de pudrici\u00f3n como la <em>phytophtora<\/em> o el <em>seridium, <\/em>que medran en terrenos con mal drenaje o escasa aireaci\u00f3n. Pide consejo en tu centro de jardiner\u00eda y act\u00faa de inmediato.<\/p>\n<div id=\"solapa\"><\/div>\n<h2><img decoding=\"async\" src=\"https:\/\/www.mvgarden.com\/garden-center\/wp-content\/uploads\/2021\/07\/ico_agenda_2.gif\" width=\"68\" height=\"41\" border=\"0\" \/>Plantas de flor<\/h2>\n<p><strong>Ya no las abones<\/strong><\/p>\n<p>Este mes ya no apliques fertilizantes a las plantas de flor de tu jard\u00edn o terraza. Elimina las flores y hojas secas para que sigan dando muchas m\u00e1s flores. Y entutora las m\u00e1s altas y quebradizas, como dalias, gladiolos&#8230;<\/p>\n<p><strong>Aseg\u00farales agua<\/strong><\/p>\n<p>Como herb\u00e1ceas que son, sufren m\u00e1s los efectos del calor, por lo tanto, si te vas de vacaciones d\u00e9jalas bien provistas de agua<\/p>\n<div id=\"solapa_1\">\n<p>\u00a0<strong>Prot\u00e9gelas del golpe de calor<\/strong><\/p>\n<p>Como herb\u00e1ceas que son, est\u00e1n m\u00e1s expuestas al golpe de calor, de efectos letales. Por ello, en estos d\u00edas tan calientes no descuides el riego.<\/p>\n<p>&nbsp;<\/p>\n<h2><img decoding=\"async\" src=\"https:\/\/www.mvgarden.com\/garden-center\/wp-content\/uploads\/2021\/07\/ico_agenda_3.gif\" width=\"68\" height=\"41\" border=\"0\" \/>Plantas de interior<\/h2>\n<div id=\"solapa_2\"><\/div>\n<\/div>\n<div>\n<div>\n<p>\u00a0<strong>\u00a1Atenci\u00f3n a la ara\u00f1a roja!<\/strong>La sequedad y el calor propician la aparici\u00f3n de la ara\u00f1a roja. Sabr\u00e1s que ha atacado cuando veas que las hojas empiezan a empalidecer y secarse y exhiben unas fin\u00edsimas telas con unos min\u00fasculos puntitos: las ara\u00f1as. Mantendr\u00e1s alejada a esta plaga si procuras un ambiente h\u00famedo, ya que estos ar\u00e1cnidos no soportan el agua. Si ya han atacado aplica un acaricida. Ver<a href=\"http:\/\/www.verdeesvida.es\/tecnicas_y_cuidados_4\/las_siete_plagas_de_tu_jardin_60\">Las siete plagas de tu jard\u00edn.<\/a><\/p>\n<p><b>Deja de fertilizarlas<\/b><\/p>\n<p>Suspende los aportes de fertilizante hasta septiembre.<\/p>\n<p><strong>Que no les falte agua y humedad ambiental<\/strong><\/p>\n<p>Como suced\u00eda en julio, no te descuides con el riego y la humedad ambiental en este mes tan caliente. No todas precisan la misma cantidad de agua, de modo que tienes que regar a demanda (comprueba la humedad del sustrato); evita el exceso de riego y sobre todo el encharcamiento, que favorece la aparici\u00f3n de pat\u00f3genos.\u00a0Pulver\u00edzalas con agua destilada o libre de cal al menos dos veces al d\u00eda.<\/p>\n<\/div>\n<h2><img decoding=\"async\" src=\"https:\/\/www.mvgarden.com\/garden-center\/wp-content\/uploads\/2021\/07\/ico_agenda_4.gif\" width=\"68\" height=\"41\" border=\"0\" \/>Huerto<\/h2>\n<p><strong>Mucho que cosechar<\/strong><\/p>\n<p>Agosto es uno de los meses m\u00e1s pr\u00f3digos en el huerto. No permitas que las jud\u00edas verdes granen y se vuelvan fibrosas: rec\u00f3gelas a tiempo. Tambi\u00e9n contin\u00faa la cosecha de tomates, berenjenas, pimientos (deben estar verdes cuando los quites de la mata), calabacines, berzas, lechugas, sand\u00edas, melones&#8230;<\/p>\n<p><strong>Dales abono org\u00e1nico a las hortalizas<\/strong><\/p>\n<p>Las hortalizas de oto\u00f1o-invierno que sembraste en julio necesitar\u00e1n un abono de liberaci\u00f3n lenta \u2014compost, humus de lombriz, mantillo\u2014 para desarrollarse adecuadamente. Mant\u00e9n los bancales bien mullidos y libres de malas hierbas. Ver <a href=\"http:\/\/www.verdeesvida.es\/tecnicas_y_cuidados_4\/abonos_organicos_para_revitalizar_los_suelos_181\">Abonos org\u00e1nicos para revitalizar los suelos.<\/a><\/p>\n<p>&nbsp;<\/p>\n<p><strong>Siguen las siembras de oto\u00f1o-invierno<\/strong><\/p>\n<p>No dejes de sembrar las hortalizas de oto\u00f1o-invierno. Acu\u00e9rdate de preparar el suelo mediante una cava profunda y a\u00f1ade a los bancales \u00a0abono org\u00e1nico de liberaci\u00f3n lenta.<\/p>\n<\/div>\n<\/div>\n<div>\n<div id=\"solapa_3\">\n<p>&nbsp;<\/p>\n<h2><img decoding=\"async\" src=\"https:\/\/www.mvgarden.com\/garden-center\/wp-content\/uploads\/2021\/07\/ico_agenda_5.gif\" width=\"68\" height=\"41\" border=\"0\" \/>Cesp\u00e9d<\/h2>\n<div id=\"solapa_4\">\n<p>&nbsp;<\/p>\n<p><strong>Deja el c\u00e9sped un poco m\u00e1s alto<\/strong><\/p>\n<p>Cuando pases el cortac\u00e9sped no cortes m\u00e1s de un tercio de la altura de la hierba. As\u00ed aguantar\u00e1 mejor el efecto del sol y la escasez de agua durante un par de semanas. Pasa el escarificador para airearlo. Antes de irte de vacaciones, dale un buen riego. Revisa el sistema autom\u00e1tico y los aspersores antes de partir<\/p>\n<\/div>\n<\/div>\n<\/div>\n<h2><span class=\"revista\">OTRAS TAREAS<\/span><\/h2>\n<p><strong>Tus plantas en tus d\u00edas de vacaciones<\/strong><\/p>\n<p>Si tienes alguien que se ocupe de tus plantas durante tus vacaciones d\u00e9jalo todo bien organizado para facilitarle la tarea. Toma nota:<\/p>\n<p><strong>\u2713\u00a0\u00a0Plantas de interior. <\/strong>Ll\u00e9valas a una zona luminosa pero a salvo del sol directo y poco expuesta al calor. En el caso de las m\u00e1s delicadas, pon un cartelito indicando sus necesidades de agua, y deja a mano todo lo que se pueda necesitar: pulverizadores, regadera, cubo para el riego por inmersi\u00f3n. Tambi\u00e9n puedes utilizar un sistema de riego autom\u00e1tico para plantas de interior mediante dep\u00f3sitos de agua y mangueras, riego a mecha, conos de arcilla, geles de riego<\/p>\n<p><strong>\u2713\u00a0Terraza y patio.<\/strong> La disposici\u00f3n de agua de las plantas que crecen en tiestos y jardineras es mucho m\u00e1s limitada que la que disfrutan las que viven en la tierra del jard\u00edn.<\/p>\n<p><strong><strong>\u2713\u00a0<\/strong><\/strong>\u00a0<strong>Jard\u00edn.<\/strong> Si el suministro de agua est\u00e1 asegurado, el jard\u00edn no tiene por qu\u00e9 sufrir mientras t\u00fa no est\u00e9s. Para dejarlo todo bien preparado te sugerimos que leas el art\u00edculo mencionado en el punto anterior.<\/p>\n<p><strong>Deja tus muebles bien protegidos<\/strong><\/p>\n<p>Si vas a ausentarte, recoge los muebles de jard\u00edn (si puedes, incluso los que resisten la intemperie), ponlos a cubierto y c\u00fabrelos con fundas. No solo los proteger\u00e1s, sino que se ensuciar\u00e1n menos, con lo cual tendr\u00e1s menos trabajo a tu regreso. En tu centro de jardiner\u00eda encontrar\u00e1s todo lo necesario para hacerlo.<\/p>\n<\/div>\n<div>\n<div id=\"solapa_3\">\n<div id=\"solapa_4\">\n<p>Fuente: <em>Verde es Vida<\/em> es la revista de jardiner\u00eda de la AECJ.<\/p>\n<\/div>\n<\/div>\n<\/div>\n<\/div>\n","protected":false},"excerpt":{"rendered":"<p>La ausencia por vacaciones suele representar la prueba m\u00e1s dura del a\u00f1o para las plantas del jard\u00edn y la terraza. Y mucho m\u00e1s si el calor aprieta. \u00bfQui\u00e9n se queda a cargo? \u00bfEl portero, la vecina, un amigo, un familiar? \u00bfEl riego autom\u00e1tico? Sea quien fuere hay que dejarlo todo bien preparado. TAREAS GENERALES DEL [&hellip;]<\/p>\n","protected":false},"author":2,"featured_media":1707,"comment_status":"closed","ping_status":"open","sticky":false,"template":"","format":"standard","meta":{"inline_featured_image":false,"footnotes":""},"categories":[34],"tags":[111,82,158,255],"class_list":["post-5789","post","type-post","status-publish","format-standard","has-post-thumbnail","hentry","category-plantas-y-flores","tag-cesped-del-jardin","tag-consejos-jardineria","tag-huerta","tag-siembra"],"yoast_head":"<!-- This site is optimized with the Yoast SEO plugin v27.4 - https:\/\/yoast.com\/product\/yoast-seo-wordpress\/ -->\n<title>Agenda del jard\u00edn, terraza y huerta Agosto - Mvgarden<\/title>\n<meta name=\"robots\" content=\"index, follow, max-snippet:-1, max-image-preview:large, max-video-preview:-1\" \/>\n<link rel=\"canonical\" href=\"https:\/\/www.mvgarden.com\/garden-center\/agenda-del-jardin-terraza-huerta-agosto\/\" \/>\n<meta property=\"og:locale\" content=\"es_ES\" \/>\n<meta property=\"og:type\" content=\"article\" \/>\n<meta property=\"og:title\" content=\"Agenda del jard\u00edn, terraza y huerta Agosto - Mvgarden\" \/>\n<meta property=\"og:description\" content=\"La ausencia por vacaciones suele representar la prueba m\u00e1s dura del a\u00f1o para las plantas del jard\u00edn y la terraza. Y mucho m\u00e1s si el calor aprieta. \u00bfQui\u00e9n se queda a cargo? \u00bfEl portero, la vecina, un amigo, un familiar? \u00bfEl riego autom\u00e1tico? Sea quien fuere hay que dejarlo todo bien preparado. TAREAS GENERALES DEL [&hellip;]\" \/>\n<meta property=\"og:url\" content=\"https:\/\/www.mvgarden.com\/garden-center\/agenda-del-jardin-terraza-huerta-agosto\/\" \/>\n<meta property=\"og:site_name\" content=\"Mvgarden\" \/>\n<meta property=\"article:publisher\" content=\"https:\/\/www.facebook.com\/mvgarden.sopelana\/\" \/>\n<meta property=\"article:published_time\" content=\"2017-08-03T15:10:27+00:00\" \/>\n<meta property=\"article:modified_time\" content=\"2021-07-27T08:13:55+00:00\" \/>\n<meta property=\"og:image\" content=\"https:\/\/www.mvgarden.com\/garden-center\/wp-content\/uploads\/2017\/08\/Macrodactyla-Doreensis.jpg\" \/>\n\t<meta property=\"og:image:width\" content=\"283\" \/>\n\t<meta property=\"og:image:height\" content=\"178\" \/>\n\t<meta property=\"og:image:type\" content=\"image\/jpeg\" \/>\n<meta name=\"author\" content=\"oscarmv\" \/>\n<meta name=\"twitter:card\" content=\"summary_large_image\" \/>\n<meta name=\"twitter:label1\" content=\"Escrito por\" \/>\n\t<meta name=\"twitter:data1\" content=\"oscarmv\" \/>\n\t<meta name=\"twitter:label2\" content=\"Tiempo de lectura\" \/>\n\t<meta name=\"twitter:data2\" content=\"6 minutos\" \/>\n<script type=\"application\/ld+json\" class=\"yoast-schema-graph\">{\"@context\":\"https:\\\/\\\/schema.org\",\"@graph\":[{\"@type\":\"Article\",\"@id\":\"https:\\\/\\\/www.mvgarden.com\\\/garden-center\\\/agenda-del-jardin-terraza-huerta-agosto\\\/#article\",\"isPartOf\":{\"@id\":\"https:\\\/\\\/www.mvgarden.com\\\/garden-center\\\/agenda-del-jardin-terraza-huerta-agosto\\\/\"},\"author\":{\"name\":\"oscarmv\",\"@id\":\"https:\\\/\\\/www.mvgarden.com\\\/garden-center\\\/#\\\/schema\\\/person\\\/6cf644e40ad2a6e6cec5f4de3d1a77ba\"},\"headline\":\"Agenda del jard\u00edn, terraza y huerta Agosto\",\"datePublished\":\"2017-08-03T15:10:27+00:00\",\"dateModified\":\"2021-07-27T08:13:55+00:00\",\"mainEntityOfPage\":{\"@id\":\"https:\\\/\\\/www.mvgarden.com\\\/garden-center\\\/agenda-del-jardin-terraza-huerta-agosto\\\/\"},\"wordCount\":1190,\"publisher\":{\"@id\":\"https:\\\/\\\/www.mvgarden.com\\\/garden-center\\\/#organization\"},\"image\":{\"@id\":\"https:\\\/\\\/www.mvgarden.com\\\/garden-center\\\/agenda-del-jardin-terraza-huerta-agosto\\\/#primaryimage\"},\"thumbnailUrl\":\"https:\\\/\\\/www.mvgarden.com\\\/garden-center\\\/wp-content\\\/uploads\\\/2017\\\/08\\\/Macrodactyla-Doreensis.jpg\",\"keywords\":[\"C\u00e9sped del jard\u00edn\",\"Consejos jardiner\u00eda\",\"Huerta\",\"Siembra\"],\"articleSection\":[\"Plantas y flores\"],\"inLanguage\":\"es\"},{\"@type\":\"WebPage\",\"@id\":\"https:\\\/\\\/www.mvgarden.com\\\/garden-center\\\/agenda-del-jardin-terraza-huerta-agosto\\\/\",\"url\":\"https:\\\/\\\/www.mvgarden.com\\\/garden-center\\\/agenda-del-jardin-terraza-huerta-agosto\\\/\",\"name\":\"Agenda del jard\u00edn, terraza y huerta Agosto - Mvgarden\",\"isPartOf\":{\"@id\":\"https:\\\/\\\/www.mvgarden.com\\\/garden-center\\\/#website\"},\"primaryImageOfPage\":{\"@id\":\"https:\\\/\\\/www.mvgarden.com\\\/garden-center\\\/agenda-del-jardin-terraza-huerta-agosto\\\/#primaryimage\"},\"image\":{\"@id\":\"https:\\\/\\\/www.mvgarden.com\\\/garden-center\\\/agenda-del-jardin-terraza-huerta-agosto\\\/#primaryimage\"},\"thumbnailUrl\":\"https:\\\/\\\/www.mvgarden.com\\\/garden-center\\\/wp-content\\\/uploads\\\/2017\\\/08\\\/Macrodactyla-Doreensis.jpg\",\"datePublished\":\"2017-08-03T15:10:27+00:00\",\"dateModified\":\"2021-07-27T08:13:55+00:00\",\"breadcrumb\":{\"@id\":\"https:\\\/\\\/www.mvgarden.com\\\/garden-center\\\/agenda-del-jardin-terraza-huerta-agosto\\\/#breadcrumb\"},\"inLanguage\":\"es\",\"potentialAction\":[{\"@type\":\"ReadAction\",\"target\":[\"https:\\\/\\\/www.mvgarden.com\\\/garden-center\\\/agenda-del-jardin-terraza-huerta-agosto\\\/\"]}]},{\"@type\":\"ImageObject\",\"inLanguage\":\"es\",\"@id\":\"https:\\\/\\\/www.mvgarden.com\\\/garden-center\\\/agenda-del-jardin-terraza-huerta-agosto\\\/#primaryimage\",\"url\":\"https:\\\/\\\/www.mvgarden.com\\\/garden-center\\\/wp-content\\\/uploads\\\/2017\\\/08\\\/Macrodactyla-Doreensis.jpg\",\"contentUrl\":\"https:\\\/\\\/www.mvgarden.com\\\/garden-center\\\/wp-content\\\/uploads\\\/2017\\\/08\\\/Macrodactyla-Doreensis.jpg\",\"width\":283,\"height\":178,\"caption\":\"MACRODACTYLA DOREENSIS PVP 50,99 \u20ac\"},{\"@type\":\"BreadcrumbList\",\"@id\":\"https:\\\/\\\/www.mvgarden.com\\\/garden-center\\\/agenda-del-jardin-terraza-huerta-agosto\\\/#breadcrumb\",\"itemListElement\":[{\"@type\":\"ListItem\",\"position\":1,\"name\":\"Portada\",\"item\":\"https:\\\/\\\/www.mvgarden.com\\\/garden-center\\\/\"},{\"@type\":\"ListItem\",\"position\":2,\"name\":\"Agenda del jard\u00edn, terraza y huerta Agosto\"}]},{\"@type\":\"WebSite\",\"@id\":\"https:\\\/\\\/www.mvgarden.com\\\/garden-center\\\/#website\",\"url\":\"https:\\\/\\\/www.mvgarden.com\\\/garden-center\\\/\",\"name\":\"Garden Center\",\"description\":\"Garden center Sopela\",\"publisher\":{\"@id\":\"https:\\\/\\\/www.mvgarden.com\\\/garden-center\\\/#organization\"},\"potentialAction\":[{\"@type\":\"SearchAction\",\"target\":{\"@type\":\"EntryPoint\",\"urlTemplate\":\"https:\\\/\\\/www.mvgarden.com\\\/garden-center\\\/?s={search_term_string}\"},\"query-input\":{\"@type\":\"PropertyValueSpecification\",\"valueRequired\":true,\"valueName\":\"search_term_string\"}}],\"inLanguage\":\"es\"},{\"@type\":\"Organization\",\"@id\":\"https:\\\/\\\/www.mvgarden.com\\\/garden-center\\\/#organization\",\"name\":\"Garden Center\",\"url\":\"https:\\\/\\\/www.mvgarden.com\\\/garden-center\\\/\",\"logo\":{\"@type\":\"ImageObject\",\"inLanguage\":\"es\",\"@id\":\"https:\\\/\\\/www.mvgarden.com\\\/garden-center\\\/#\\\/schema\\\/logo\\\/image\\\/\",\"url\":\"https:\\\/\\\/www.mvgarden.com\\\/garden-center\\\/wp-content\\\/uploads\\\/2024\\\/05\\\/logo_mv_form.png\",\"contentUrl\":\"https:\\\/\\\/www.mvgarden.com\\\/garden-center\\\/wp-content\\\/uploads\\\/2024\\\/05\\\/logo_mv_form.png\",\"width\":127,\"height\":97,\"caption\":\"Garden Center\"},\"image\":{\"@id\":\"https:\\\/\\\/www.mvgarden.com\\\/garden-center\\\/#\\\/schema\\\/logo\\\/image\\\/\"},\"sameAs\":[\"https:\\\/\\\/www.facebook.com\\\/mvgarden.sopelana\\\/\",\"https:\\\/\\\/www.instagram.com\\\/gardencentersopela\"]},{\"@type\":\"Person\",\"@id\":\"https:\\\/\\\/www.mvgarden.com\\\/garden-center\\\/#\\\/schema\\\/person\\\/6cf644e40ad2a6e6cec5f4de3d1a77ba\",\"name\":\"oscarmv\",\"url\":\"https:\\\/\\\/www.mvgarden.com\\\/garden-center\\\/author\\\/oscarmv\\\/\"}]}<\/script>\n<!-- \/ Yoast SEO plugin. -->","yoast_head_json":{"title":"Agenda del jard\u00edn, terraza y huerta Agosto - Mvgarden","robots":{"index":"index","follow":"follow","max-snippet":"max-snippet:-1","max-image-preview":"max-image-preview:large","max-video-preview":"max-video-preview:-1"},"canonical":"https:\/\/www.mvgarden.com\/garden-center\/agenda-del-jardin-terraza-huerta-agosto\/","og_locale":"es_ES","og_type":"article","og_title":"Agenda del jard\u00edn, terraza y huerta Agosto - Mvgarden","og_description":"La ausencia por vacaciones suele representar la prueba m\u00e1s dura del a\u00f1o para las plantas del jard\u00edn y la terraza. Y mucho m\u00e1s si el calor aprieta. \u00bfQui\u00e9n se queda a cargo? \u00bfEl portero, la vecina, un amigo, un familiar? \u00bfEl riego autom\u00e1tico? Sea quien fuere hay que dejarlo todo bien preparado. TAREAS GENERALES DEL [&hellip;]","og_url":"https:\/\/www.mvgarden.com\/garden-center\/agenda-del-jardin-terraza-huerta-agosto\/","og_site_name":"Mvgarden","article_publisher":"https:\/\/www.facebook.com\/mvgarden.sopelana\/","article_published_time":"2017-08-03T15:10:27+00:00","article_modified_time":"2021-07-27T08:13:55+00:00","og_image":[{"width":283,"height":178,"url":"https:\/\/www.mvgarden.com\/garden-center\/wp-content\/uploads\/2017\/08\/Macrodactyla-Doreensis.jpg","type":"image\/jpeg"}],"author":"oscarmv","twitter_card":"summary_large_image","twitter_misc":{"Escrito por":"oscarmv","Tiempo de lectura":"6 minutos"},"schema":{"@context":"https:\/\/schema.org","@graph":[{"@type":"Article","@id":"https:\/\/www.mvgarden.com\/garden-center\/agenda-del-jardin-terraza-huerta-agosto\/#article","isPartOf":{"@id":"https:\/\/www.mvgarden.com\/garden-center\/agenda-del-jardin-terraza-huerta-agosto\/"},"author":{"name":"oscarmv","@id":"https:\/\/www.mvgarden.com\/garden-center\/#\/schema\/person\/6cf644e40ad2a6e6cec5f4de3d1a77ba"},"headline":"Agenda del jard\u00edn, terraza y huerta Agosto","datePublished":"2017-08-03T15:10:27+00:00","dateModified":"2021-07-27T08:13:55+00:00","mainEntityOfPage":{"@id":"https:\/\/www.mvgarden.com\/garden-center\/agenda-del-jardin-terraza-huerta-agosto\/"},"wordCount":1190,"publisher":{"@id":"https:\/\/www.mvgarden.com\/garden-center\/#organization"},"image":{"@id":"https:\/\/www.mvgarden.com\/garden-center\/agenda-del-jardin-terraza-huerta-agosto\/#primaryimage"},"thumbnailUrl":"https:\/\/www.mvgarden.com\/garden-center\/wp-content\/uploads\/2017\/08\/Macrodactyla-Doreensis.jpg","keywords":["C\u00e9sped del jard\u00edn","Consejos jardiner\u00eda","Huerta","Siembra"],"articleSection":["Plantas y flores"],"inLanguage":"es"},{"@type":"WebPage","@id":"https:\/\/www.mvgarden.com\/garden-center\/agenda-del-jardin-terraza-huerta-agosto\/","url":"https:\/\/www.mvgarden.com\/garden-center\/agenda-del-jardin-terraza-huerta-agosto\/","name":"Agenda del jard\u00edn, terraza y huerta Agosto - Mvgarden","isPartOf":{"@id":"https:\/\/www.mvgarden.com\/garden-center\/#website"},"primaryImageOfPage":{"@id":"https:\/\/www.mvgarden.com\/garden-center\/agenda-del-jardin-terraza-huerta-agosto\/#primaryimage"},"image":{"@id":"https:\/\/www.mvgarden.com\/garden-center\/agenda-del-jardin-terraza-huerta-agosto\/#primaryimage"},"thumbnailUrl":"https:\/\/www.mvgarden.com\/garden-center\/wp-content\/uploads\/2017\/08\/Macrodactyla-Doreensis.jpg","datePublished":"2017-08-03T15:10:27+00:00","dateModified":"2021-07-27T08:13:55+00:00","breadcrumb":{"@id":"https:\/\/www.mvgarden.com\/garden-center\/agenda-del-jardin-terraza-huerta-agosto\/#breadcrumb"},"inLanguage":"es","potentialAction":[{"@type":"ReadAction","target":["https:\/\/www.mvgarden.com\/garden-center\/agenda-del-jardin-terraza-huerta-agosto\/"]}]},{"@type":"ImageObject","inLanguage":"es","@id":"https:\/\/www.mvgarden.com\/garden-center\/agenda-del-jardin-terraza-huerta-agosto\/#primaryimage","url":"https:\/\/www.mvgarden.com\/garden-center\/wp-content\/uploads\/2017\/08\/Macrodactyla-Doreensis.jpg","contentUrl":"https:\/\/www.mvgarden.com\/garden-center\/wp-content\/uploads\/2017\/08\/Macrodactyla-Doreensis.jpg","width":283,"height":178,"caption":"MACRODACTYLA DOREENSIS PVP 50,99 \u20ac"},{"@type":"BreadcrumbList","@id":"https:\/\/www.mvgarden.com\/garden-center\/agenda-del-jardin-terraza-huerta-agosto\/#breadcrumb","itemListElement":[{"@type":"ListItem","position":1,"name":"Portada","item":"https:\/\/www.mvgarden.com\/garden-center\/"},{"@type":"ListItem","position":2,"name":"Agenda del jard\u00edn, terraza y huerta Agosto"}]},{"@type":"WebSite","@id":"https:\/\/www.mvgarden.com\/garden-center\/#website","url":"https:\/\/www.mvgarden.com\/garden-center\/","name":"Garden Center","description":"Garden center Sopela","publisher":{"@id":"https:\/\/www.mvgarden.com\/garden-center\/#organization"},"potentialAction":[{"@type":"SearchAction","target":{"@type":"EntryPoint","urlTemplate":"https:\/\/www.mvgarden.com\/garden-center\/?s={search_term_string}"},"query-input":{"@type":"PropertyValueSpecification","valueRequired":true,"valueName":"search_term_string"}}],"inLanguage":"es"},{"@type":"Organization","@id":"https:\/\/www.mvgarden.com\/garden-center\/#organization","name":"Garden Center","url":"https:\/\/www.mvgarden.com\/garden-center\/","logo":{"@type":"ImageObject","inLanguage":"es","@id":"https:\/\/www.mvgarden.com\/garden-center\/#\/schema\/logo\/image\/","url":"https:\/\/www.mvgarden.com\/garden-center\/wp-content\/uploads\/2024\/05\/logo_mv_form.png","contentUrl":"https:\/\/www.mvgarden.com\/garden-center\/wp-content\/uploads\/2024\/05\/logo_mv_form.png","width":127,"height":97,"caption":"Garden Center"},"image":{"@id":"https:\/\/www.mvgarden.com\/garden-center\/#\/schema\/logo\/image\/"},"sameAs":["https:\/\/www.facebook.com\/mvgarden.sopelana\/","https:\/\/www.instagram.com\/gardencentersopela"]},{"@type":"Person","@id":"https:\/\/www.mvgarden.com\/garden-center\/#\/schema\/person\/6cf644e40ad2a6e6cec5f4de3d1a77ba","name":"oscarmv","url":"https:\/\/www.mvgarden.com\/garden-center\/author\/oscarmv\/"}]}},"_links":{"self":[{"href":"https:\/\/www.mvgarden.com\/garden-center\/wp-json\/wp\/v2\/posts\/5789","targetHints":{"allow":["GET"]}}],"collection":[{"href":"https:\/\/www.mvgarden.com\/garden-center\/wp-json\/wp\/v2\/posts"}],"about":[{"href":"https:\/\/www.mvgarden.com\/garden-center\/wp-json\/wp\/v2\/types\/post"}],"author":[{"embeddable":true,"href":"https:\/\/www.mvgarden.com\/garden-center\/wp-json\/wp\/v2\/users\/2"}],"replies":[{"embeddable":true,"href":"https:\/\/www.mvgarden.com\/garden-center\/wp-json\/wp\/v2\/comments?post=5789"}],"version-history":[{"count":2,"href":"https:\/\/www.mvgarden.com\/garden-center\/wp-json\/wp\/v2\/posts\/5789\/revisions"}],"predecessor-version":[{"id":9503,"href":"https:\/\/www.mvgarden.com\/garden-center\/wp-json\/wp\/v2\/posts\/5789\/revisions\/9503"}],"wp:featuredmedia":[{"embeddable":true,"href":"https:\/\/www.mvgarden.com\/garden-center\/wp-json\/wp\/v2\/media\/1707"}],"wp:attachment":[{"href":"https:\/\/www.mvgarden.com\/garden-center\/wp-json\/wp\/v2\/media?parent=5789"}],"wp:term":[{"taxonomy":"category","embeddable":true,"href":"https:\/\/www.mvgarden.com\/garden-center\/wp-json\/wp\/v2\/categories?post=5789"},{"taxonomy":"post_tag","embeddable":true,"href":"https:\/\/www.mvgarden.com\/garden-center\/wp-json\/wp\/v2\/tags?post=5789"}],"curies":[{"name":"wp","href":"https:\/\/api.w.org\/{rel}","templated":true}]}}