{"id":5793,"date":"2017-09-04T09:30:23","date_gmt":"2017-09-04T09:30:23","guid":{"rendered":"https:\/\/www.mvgarden.com\/garden-center\/sin-categoria\/agenda-del-jardin-terraza-huerta-septiembre\/"},"modified":"2021-07-27T08:10:14","modified_gmt":"2021-07-27T08:10:14","slug":"agenda-del-jardin-terraza-huerta-septiembre","status":"publish","type":"post","link":"https:\/\/www.mvgarden.com\/garden-center\/agenda-del-jardin-terraza-huerta-septiembre\/","title":{"rendered":"Agenda del jard\u00edn, terraza y huerta Septiembre"},"content":{"rendered":"<p>Recuperar las plantas que han sufrido durante las vacaciones y preparar el jard\u00edn y la terraza de cara al oto\u00f1o son los dos cometidos principales de este mes bisagra, que abre paso a otra estaci\u00f3n deslumbrante.<\/p>\n<p><span class=\"revista\">TAREAS GENERALES DEL MES<\/span><\/p>\n<div id=\"linea\">\n<div id=\"texto_agenda\">\n<p><strong>\u2713 Abonar. <\/strong>Extenuados por el verano, el jard\u00edn en general, los setos, el c\u00e9sped, las plantas de la terraza y el huerto necesitan recibir abono org\u00e1nico que les aporte nuevos nutrientes para afrontar la pr\u00f3xima estaci\u00f3n.<\/p>\n<p><strong>\u2713 Plantar. <\/strong>P\u00e1sate por tu centro de jardiner\u00eda y escoge las flores de temporada que llenar\u00e1n de color tus macetas y arriates. Tambi\u00e9n es buen momento para plantar arbustos perennifolios \u2014madro\u00f1os, adelfas, laureles, olivos\u2014 y con\u00edferas en contenedor, ya sea en solitario o en setos; excava los hoyos y deja que permanezcan abiertos unos 15 d\u00edas antes de plantar. Ver <a href=\"http:\/\/www.verdeesvida.es\/tecnicas_y_cuidados_4\/plantacion_de_arboles_y_arbustos_171\">Plantaci\u00f3n de \u00e1rboles y arbustos.<\/a><\/p>\n<p><strong>\u2713 Preparar los parterres.\u00a0<\/strong>Antes de llevar tus plantas de temporada a los arriates del jard\u00edn y los tiestos, o sembrar o plantar en el huerto, prepara la tierra limpi\u00e1ndola de malas hierbas y plantas ornamentales u hortalizas agotadas; desmenuza los terrones, remu\u00e9vela y revuelve el sustrato con abono org\u00e1nico en un abonado de fondo.<\/p>\n<div id=\"linea\">\n<div id=\"linea\">\n<h2><img decoding=\"async\" src=\"https:\/\/www.mvgarden.com\/garden-center\/wp-content\/uploads\/2021\/07\/ico_agenda_1.gif\" width=\"68\" height=\"41\" border=\"0\" \/>\u00c1rboles, arbustos y trepadoras<\/h2>\n<p>&nbsp;<\/p>\n<div id=\"solapa\">\n<p>\u00a0<strong>Los rosales vuelven a florecer<\/strong>Muchos rosales brindan una segunda floraci\u00f3n desde septiembre al final del oto\u00f1o. Ri\u00e9galos de forma regular si no llueve y dales esti\u00e9rcol bien descompuesto, su abono org\u00e1nico favorito. No te descuides con el o\u00eddio, la roya y los pulgones, y elimina las flores marchitas y los chupones.<\/p>\n<p><strong>Podar los setos<\/strong><\/p>\n<p>Los setos de con\u00edferas y de otras perennifolias necesitan un recorte ahora, antes de que las temperaturas se vuelvan m\u00e1s fr\u00edas. Haz lo mismo con los arbustos topiarios. Si se trata de una especie bay\u00edfera, respeta al m\u00e1ximo los peque\u00f1os frutos. Aprovecha para eliminar las ramas m\u00e1s viejas y da\u00f1adas. Ap\u00f3rtales abono org\u00e1nico \u2014mantillo, humus de lombriz, esti\u00e9rcol\u2014 y ri\u00e9galos bien.<\/p>\n<p><strong>Plantar setos<\/strong><\/p>\n<p>Si quieres un seto, la segunda quincena de septiembre es buen momento para plantarlos. Abre los hoyos con 15 d\u00edas de anticipaci\u00f3n.<\/p>\n<p><strong>Dividir matas, hacer esquejes<\/strong><\/p>\n<p>Septiembre es tambi\u00e9n un mes muy adecuado para multiplicar las plantas por divisi\u00f3n de matas \u2014por ejemplo de agapanto y \u00e1ster\u2014 o por esquejes \u2014lavanda, weigela, tallos j\u00f3venes de abelia<\/p>\n<\/div>\n<h2><img decoding=\"async\" src=\"https:\/\/www.mvgarden.com\/garden-center\/wp-content\/uploads\/2021\/07\/ico_agenda_2.gif\" width=\"68\" height=\"41\" border=\"0\" \/>Plantas de flor<\/h2>\n<p><strong>Planta las flores de temporada<\/strong><\/p>\n<p>Empieza la \u00e9poca de los <strong>crisantemos, ajanias, pensamientos&#8230; <\/strong>entre muchas otras plantas de flor que llenar\u00e1n de color tu jard\u00edn y las macetas de tu terraza en oto\u00f1o e incluso invierno. Tambi\u00e9n puedes recurrir a algunas anuales de verano, como los <strong>coralillos, tagetes, ag\u00e9ratos, aliso mar\u00edtimo,<\/strong> que dar\u00e1n flores hasta que llegue el fr\u00edo.<\/p>\n<p>&nbsp;<\/p>\n<div id=\"solapa_1\">\n<h2><img decoding=\"async\" src=\"https:\/\/www.mvgarden.com\/garden-center\/wp-content\/uploads\/2021\/07\/ico_agenda_3.gif\" width=\"68\" height=\"41\" border=\"0\" \/>Plantas de interior<\/h2>\n<p><strong>Terapia intensiva posvacaciones<\/strong><\/p>\n<p>Si a tu vuelta de vacaciones encuentras tus plantas de interior mustias o apagadas, poda las hojas secas o estropeadas y las flores muertas. Sumerge unos minutos la maceta en un cubo con agua hasta que dejen de salir burbujas. Remueve la superficie del sustrato para que se aireen las ra\u00edces (ten cuidado de no da\u00f1arlas). Si la maceta es muy grande, escarda el sustrato y renu\u00e9valo en parte.<\/p>\n<p><strong>Renueva tu jard\u00edn de interior<\/strong><\/p>\n<p>Reemplaza las plantas irrecuperables con unas nuevas. Los <em>Ficus benjamina<\/em> y <em>Ficus lyrata,<\/em> por ejemplo, son f\u00e1ciles de mantener: aseg\u00farales mucha luz natural y ri\u00e9galos a demanda: para ello comprueba la humedad de la tierra. Consulta\u00a0<a href=\"http:\/\/www.verdeesvida.es\/plantas_de_exterior_e_interior_2\/los_ficus:_una_gran_familia_51\">Los ficus: una gran familia.<\/a><\/p>\n<p><strong>Vuelve a abonarlas<\/strong><\/p>\n<p>Ya puedes volver a aplicarles fertilizante l\u00edquido para plantas verdes disuelto en el agua de riego. No hace tanto calor, as\u00ed que tendr\u00e1s que regarlas m\u00e1s espaciadamente, pero siempre de acuerdo a las necesidades de cada planta.<\/p>\n<div id=\"solapa_2\"><\/div>\n<\/div>\n<div>\n<h2><img decoding=\"async\" src=\"https:\/\/www.mvgarden.com\/garden-center\/wp-content\/uploads\/2021\/07\/ico_agenda_4.gif\" width=\"68\" height=\"41\" border=\"0\" \/>Huerto<\/h2>\n<p>&nbsp;<\/p>\n<p><strong>Tiempo de frutos maduros<\/strong><\/p>\n<p>\u2022 En septiembre se cosechan <strong>uvas, higos, nueces, frutos del bosque\u2026<\/strong><\/p>\n<p>\u2022 Tambi\u00e9n podr\u00e1s recolectar <strong>las \u00faltimas peras y manzanas<\/strong>; con la ayuda de una tijera de podar c\u00f3gelas del \u00e1rbol unos 10 d\u00edas antes de que maduren del todo. Escoge solo la fruta sana y col\u00f3cala en cajones de madera, que deber\u00e1s dejar en un sitio oscuro y fresco.<\/p>\n<p>\u2022 En los bancales est\u00e1n esperando a ser cosechados <strong>puerros, apios, pimientos<\/strong> y los <strong>\u00faltimos pepinos, tomates y calabacines&#8230;<\/strong><\/p>\n<p>\u2022 Elige d\u00edas soleados y secos para la recolecci\u00f3n: se conservar\u00e1n mejor.<\/p>\n<p><strong>Un nuevo ciclo de cultivos<\/strong><\/p>\n<p>Los cultivos de verano dejar\u00e1n sitio en los bancales a nuevas plantaciones. Puedes\u00a0puedes seguir sembrando <strong>escarola, puerro, r\u00facula, zanahoria, nabo, acelga, lechuga de invierno&#8230;<\/strong> o trasplantar <strong>planteles de col, lombarda<\/strong> y dem\u00e1s <strong>hortalizas de invierno.<\/strong> Consulta <em>El suculento huerto del fr\u00edo<\/em> en Verde es Vida n\u00ba68, p\u00e1gina 54 (hemeroteca <em>online).<\/em>\u00a0Ten cuidado con el exceso de humedad que causan las lluvias de oto\u00f1o y act\u00faa preventivamente contra los hongos.<\/p>\n<p><strong>Blanquea escarolas, apios, cardos y endivias<\/strong><\/p>\n<p>Para que estas verduras resulten menos amargas no dejes que se pongan verdes. Unos cinco a siete d\u00edas antes de recogerlas ap\u00f3rcalas, es decir, amontona tierra alrededor de las pencas y cogollos para que no les llegue la luz del sol. Otra forma de blanquearlas es taparlas con paja o con un tiesto invertido.<\/p>\n<\/div>\n<\/div>\n<div>\n<div id=\"solapa_3\">\n<h2><img decoding=\"async\" src=\"https:\/\/www.mvgarden.com\/garden-center\/wp-content\/uploads\/2021\/07\/ico_agenda_5.gif\" width=\"68\" height=\"41\" border=\"0\" \/>Cesp\u00e9d<\/h2>\n<p class=\"titulo_solapa\"><strong>Recuperar el c\u00e9sped agostado<\/strong><\/p>\n<p>\u2022 Si la hierba ha sufrido con el calor del verano y la falta de agua puedes intentar recuperarla<strong>seg\u00e1ndola con el corte bajo <\/strong>para que el sol de septiembre llegue hasta las ra\u00edces.<\/p>\n<p>\u2022 Dale<strong> abono pot\u00e1sico<\/strong> este mes y en octubre para preparalo para afrontar el estr\u00e9s del fr\u00edo.<\/p>\n<p>\u2022 Seguramente aparecer\u00e1n <strong>calvas,<\/strong> ya que no todas las gram\u00edneas que forman el c\u00e9sped suelen volver a brotar por igual; la <strong>resiembra<\/strong> es la soluci\u00f3n para repararlas. Utiliza semillas de la misma especie.<\/p>\n<p>\u2022 A partir de este mes deber\u00e1s espaciar la <strong>siega<\/strong> a <strong>dos o tres veces al mes.<\/strong><\/p>\n<p>\u2022 Tambi\u00e9n deber\u00e1s <strong>regar <\/strong>menos: unas <strong>dos veces por semana.\u00a0<\/strong><\/p>\n<p>\u2022 Aplica un tratamiento <strong>antimusgo.<\/strong><\/p>\n<p>M\u00e1s informaci\u00f3n en<a href=\"http:\/\/www.verdeesvida.es\/tecnicas_y_cuidados_4\/cuidados_del_cesped:_como_conseguir_una_pradera_de_foto_204\"> Cuidados del c\u00e9sped: c\u00f3mo conseguir una pradera de foto.<\/a><\/p>\n<div id=\"solapa_4\"><\/div>\n<\/div>\n<\/div>\n<h2><span class=\"revista\">OTRAS TAREAS<\/span><\/h2>\n<p><strong>Frutos del bosque en saz\u00f3n<\/strong><\/p>\n<p>Los ar\u00e1ndanos, fresitas silvestres, frambuesas, las \u00faltimas moras&#8230; deben ser recogidos a mano. Hazlo de forma selectiva seg\u00fan la madurez del fruto, el color y el tama\u00f1o. Haz lo mismo con los higos. Debes extremar el cuidado en el caso de las frambuesas, que son muy delicadas. Para las uvas y grosellas utiliza tijeras de podar.<\/p>\n<p><strong>Hoyos de plantaci\u00f3n con buen drenaje<\/strong><\/p>\n<p>Los hoyos de plantaci\u00f3n para \u00e1rboles, arbustos y trepadoras deben drenar bien para evitar la acumulaci\u00f3n de agua a nivel de las ra\u00edces. Para asegurarte, vierte un cubo de agua en el hoyo y f\u00edjate qu\u00e9 ocurre a lo largo de ocho horas. Si retiene agua, cambia de sitio o aplica una v\u00eda de drenaje hacia donde filtre bien.<\/p>\n<p>&nbsp;<\/p>\n<\/div>\n<div>\n<div id=\"solapa_3\">\n<div id=\"solapa_4\">\n<p>Fuente: <em>Verde es Vida<\/em> es la revista de jardiner\u00eda de la AECJ.<\/p>\n<\/div>\n<\/div>\n<\/div>\n<\/div>\n<\/div>\n","protected":false},"excerpt":{"rendered":"<p>Recuperar las plantas que han sufrido durante las vacaciones y preparar el jard\u00edn y la terraza de cara al oto\u00f1o son los dos cometidos principales de este mes bisagra, que abre paso a otra estaci\u00f3n deslumbrante. TAREAS GENERALES DEL MES \u2713 Abonar. Extenuados por el verano, el jard\u00edn en general, los setos, el c\u00e9sped, las [&hellip;]<\/p>\n","protected":false},"author":2,"featured_media":9388,"comment_status":"closed","ping_status":"open","sticky":false,"template":"","format":"standard","meta":{"inline_featured_image":false,"footnotes":""},"categories":[34],"tags":[111,82,158,255],"class_list":["post-5793","post","type-post","status-publish","format-standard","has-post-thumbnail","hentry","category-plantas-y-flores","tag-cesped-del-jardin","tag-consejos-jardineria","tag-huerta","tag-siembra"],"yoast_head":"<!-- This site is optimized with the Yoast SEO plugin v27.4 - https:\/\/yoast.com\/product\/yoast-seo-wordpress\/ -->\n<title>Agenda del jard\u00edn, terraza y huerta Septiembre - Mvgarden<\/title>\n<meta name=\"robots\" content=\"index, follow, max-snippet:-1, max-image-preview:large, max-video-preview:-1\" \/>\n<link rel=\"canonical\" href=\"https:\/\/www.mvgarden.com\/garden-center\/agenda-del-jardin-terraza-huerta-septiembre\/\" \/>\n<meta property=\"og:locale\" content=\"es_ES\" \/>\n<meta property=\"og:type\" content=\"article\" \/>\n<meta property=\"og:title\" content=\"Agenda del jard\u00edn, terraza y huerta Septiembre - Mvgarden\" \/>\n<meta property=\"og:description\" content=\"Recuperar las plantas que han sufrido durante las vacaciones y preparar el jard\u00edn y la terraza de cara al oto\u00f1o son los dos cometidos principales de este mes bisagra, que abre paso a otra estaci\u00f3n deslumbrante. TAREAS GENERALES DEL MES \u2713 Abonar. Extenuados por el verano, el jard\u00edn en general, los setos, el c\u00e9sped, las [&hellip;]\" \/>\n<meta property=\"og:url\" content=\"https:\/\/www.mvgarden.com\/garden-center\/agenda-del-jardin-terraza-huerta-septiembre\/\" \/>\n<meta property=\"og:site_name\" content=\"Mvgarden\" \/>\n<meta property=\"article:publisher\" content=\"https:\/\/www.facebook.com\/mvgarden.sopelana\/\" \/>\n<meta property=\"article:published_time\" content=\"2017-09-04T09:30:23+00:00\" \/>\n<meta property=\"article:modified_time\" content=\"2021-07-27T08:10:14+00:00\" \/>\n<meta property=\"og:image\" content=\"https:\/\/www.mvgarden.com\/garden-center\/wp-content\/uploads\/2017\/09\/Consejos-Garden-Center-Sopela.png\" \/>\n\t<meta property=\"og:image:width\" content=\"800\" \/>\n\t<meta property=\"og:image:height\" content=\"600\" \/>\n\t<meta property=\"og:image:type\" content=\"image\/png\" \/>\n<meta name=\"author\" content=\"oscarmv\" \/>\n<meta name=\"twitter:card\" content=\"summary_large_image\" \/>\n<meta name=\"twitter:label1\" content=\"Escrito por\" \/>\n\t<meta name=\"twitter:data1\" content=\"oscarmv\" \/>\n\t<meta name=\"twitter:label2\" content=\"Tiempo de lectura\" \/>\n\t<meta name=\"twitter:data2\" content=\"6 minutos\" \/>\n<script type=\"application\/ld+json\" class=\"yoast-schema-graph\">{\"@context\":\"https:\\\/\\\/schema.org\",\"@graph\":[{\"@type\":\"Article\",\"@id\":\"https:\\\/\\\/www.mvgarden.com\\\/garden-center\\\/agenda-del-jardin-terraza-huerta-septiembre\\\/#article\",\"isPartOf\":{\"@id\":\"https:\\\/\\\/www.mvgarden.com\\\/garden-center\\\/agenda-del-jardin-terraza-huerta-septiembre\\\/\"},\"author\":{\"name\":\"oscarmv\",\"@id\":\"https:\\\/\\\/www.mvgarden.com\\\/garden-center\\\/#\\\/schema\\\/person\\\/6cf644e40ad2a6e6cec5f4de3d1a77ba\"},\"headline\":\"Agenda del jard\u00edn, terraza y huerta Septiembre\",\"datePublished\":\"2017-09-04T09:30:23+00:00\",\"dateModified\":\"2021-07-27T08:10:14+00:00\",\"mainEntityOfPage\":{\"@id\":\"https:\\\/\\\/www.mvgarden.com\\\/garden-center\\\/agenda-del-jardin-terraza-huerta-septiembre\\\/\"},\"wordCount\":1203,\"publisher\":{\"@id\":\"https:\\\/\\\/www.mvgarden.com\\\/garden-center\\\/#organization\"},\"image\":{\"@id\":\"https:\\\/\\\/www.mvgarden.com\\\/garden-center\\\/agenda-del-jardin-terraza-huerta-septiembre\\\/#primaryimage\"},\"thumbnailUrl\":\"https:\\\/\\\/www.mvgarden.com\\\/garden-center\\\/wp-content\\\/uploads\\\/2017\\\/09\\\/Consejos-Garden-Center-Sopela.png\",\"keywords\":[\"C\u00e9sped del jard\u00edn\",\"Consejos jardiner\u00eda\",\"Huerta\",\"Siembra\"],\"articleSection\":[\"Plantas y flores\"],\"inLanguage\":\"es\"},{\"@type\":\"WebPage\",\"@id\":\"https:\\\/\\\/www.mvgarden.com\\\/garden-center\\\/agenda-del-jardin-terraza-huerta-septiembre\\\/\",\"url\":\"https:\\\/\\\/www.mvgarden.com\\\/garden-center\\\/agenda-del-jardin-terraza-huerta-septiembre\\\/\",\"name\":\"Agenda del jard\u00edn, terraza y huerta Septiembre - Mvgarden\",\"isPartOf\":{\"@id\":\"https:\\\/\\\/www.mvgarden.com\\\/garden-center\\\/#website\"},\"primaryImageOfPage\":{\"@id\":\"https:\\\/\\\/www.mvgarden.com\\\/garden-center\\\/agenda-del-jardin-terraza-huerta-septiembre\\\/#primaryimage\"},\"image\":{\"@id\":\"https:\\\/\\\/www.mvgarden.com\\\/garden-center\\\/agenda-del-jardin-terraza-huerta-septiembre\\\/#primaryimage\"},\"thumbnailUrl\":\"https:\\\/\\\/www.mvgarden.com\\\/garden-center\\\/wp-content\\\/uploads\\\/2017\\\/09\\\/Consejos-Garden-Center-Sopela.png\",\"datePublished\":\"2017-09-04T09:30:23+00:00\",\"dateModified\":\"2021-07-27T08:10:14+00:00\",\"breadcrumb\":{\"@id\":\"https:\\\/\\\/www.mvgarden.com\\\/garden-center\\\/agenda-del-jardin-terraza-huerta-septiembre\\\/#breadcrumb\"},\"inLanguage\":\"es\",\"potentialAction\":[{\"@type\":\"ReadAction\",\"target\":[\"https:\\\/\\\/www.mvgarden.com\\\/garden-center\\\/agenda-del-jardin-terraza-huerta-septiembre\\\/\"]}]},{\"@type\":\"ImageObject\",\"inLanguage\":\"es\",\"@id\":\"https:\\\/\\\/www.mvgarden.com\\\/garden-center\\\/agenda-del-jardin-terraza-huerta-septiembre\\\/#primaryimage\",\"url\":\"https:\\\/\\\/www.mvgarden.com\\\/garden-center\\\/wp-content\\\/uploads\\\/2017\\\/09\\\/Consejos-Garden-Center-Sopela.png\",\"contentUrl\":\"https:\\\/\\\/www.mvgarden.com\\\/garden-center\\\/wp-content\\\/uploads\\\/2017\\\/09\\\/Consejos-Garden-Center-Sopela.png\",\"width\":800,\"height\":600,\"caption\":\"Consejos Garden Center Sopela\"},{\"@type\":\"BreadcrumbList\",\"@id\":\"https:\\\/\\\/www.mvgarden.com\\\/garden-center\\\/agenda-del-jardin-terraza-huerta-septiembre\\\/#breadcrumb\",\"itemListElement\":[{\"@type\":\"ListItem\",\"position\":1,\"name\":\"Portada\",\"item\":\"https:\\\/\\\/www.mvgarden.com\\\/garden-center\\\/\"},{\"@type\":\"ListItem\",\"position\":2,\"name\":\"Agenda del jard\u00edn, terraza y huerta Septiembre\"}]},{\"@type\":\"WebSite\",\"@id\":\"https:\\\/\\\/www.mvgarden.com\\\/garden-center\\\/#website\",\"url\":\"https:\\\/\\\/www.mvgarden.com\\\/garden-center\\\/\",\"name\":\"Garden Center\",\"description\":\"Garden center Sopela\",\"publisher\":{\"@id\":\"https:\\\/\\\/www.mvgarden.com\\\/garden-center\\\/#organization\"},\"potentialAction\":[{\"@type\":\"SearchAction\",\"target\":{\"@type\":\"EntryPoint\",\"urlTemplate\":\"https:\\\/\\\/www.mvgarden.com\\\/garden-center\\\/?s={search_term_string}\"},\"query-input\":{\"@type\":\"PropertyValueSpecification\",\"valueRequired\":true,\"valueName\":\"search_term_string\"}}],\"inLanguage\":\"es\"},{\"@type\":\"Organization\",\"@id\":\"https:\\\/\\\/www.mvgarden.com\\\/garden-center\\\/#organization\",\"name\":\"Garden Center\",\"url\":\"https:\\\/\\\/www.mvgarden.com\\\/garden-center\\\/\",\"logo\":{\"@type\":\"ImageObject\",\"inLanguage\":\"es\",\"@id\":\"https:\\\/\\\/www.mvgarden.com\\\/garden-center\\\/#\\\/schema\\\/logo\\\/image\\\/\",\"url\":\"https:\\\/\\\/www.mvgarden.com\\\/garden-center\\\/wp-content\\\/uploads\\\/2024\\\/05\\\/logo_mv_form.png\",\"contentUrl\":\"https:\\\/\\\/www.mvgarden.com\\\/garden-center\\\/wp-content\\\/uploads\\\/2024\\\/05\\\/logo_mv_form.png\",\"width\":127,\"height\":97,\"caption\":\"Garden Center\"},\"image\":{\"@id\":\"https:\\\/\\\/www.mvgarden.com\\\/garden-center\\\/#\\\/schema\\\/logo\\\/image\\\/\"},\"sameAs\":[\"https:\\\/\\\/www.facebook.com\\\/mvgarden.sopelana\\\/\",\"https:\\\/\\\/www.instagram.com\\\/gardencentersopela\"]},{\"@type\":\"Person\",\"@id\":\"https:\\\/\\\/www.mvgarden.com\\\/garden-center\\\/#\\\/schema\\\/person\\\/6cf644e40ad2a6e6cec5f4de3d1a77ba\",\"name\":\"oscarmv\",\"url\":\"https:\\\/\\\/www.mvgarden.com\\\/garden-center\\\/author\\\/oscarmv\\\/\"}]}<\/script>\n<!-- \/ Yoast SEO plugin. -->","yoast_head_json":{"title":"Agenda del jard\u00edn, terraza y huerta Septiembre - Mvgarden","robots":{"index":"index","follow":"follow","max-snippet":"max-snippet:-1","max-image-preview":"max-image-preview:large","max-video-preview":"max-video-preview:-1"},"canonical":"https:\/\/www.mvgarden.com\/garden-center\/agenda-del-jardin-terraza-huerta-septiembre\/","og_locale":"es_ES","og_type":"article","og_title":"Agenda del jard\u00edn, terraza y huerta Septiembre - Mvgarden","og_description":"Recuperar las plantas que han sufrido durante las vacaciones y preparar el jard\u00edn y la terraza de cara al oto\u00f1o son los dos cometidos principales de este mes bisagra, que abre paso a otra estaci\u00f3n deslumbrante. TAREAS GENERALES DEL MES \u2713 Abonar. Extenuados por el verano, el jard\u00edn en general, los setos, el c\u00e9sped, las [&hellip;]","og_url":"https:\/\/www.mvgarden.com\/garden-center\/agenda-del-jardin-terraza-huerta-septiembre\/","og_site_name":"Mvgarden","article_publisher":"https:\/\/www.facebook.com\/mvgarden.sopelana\/","article_published_time":"2017-09-04T09:30:23+00:00","article_modified_time":"2021-07-27T08:10:14+00:00","og_image":[{"width":800,"height":600,"url":"https:\/\/www.mvgarden.com\/garden-center\/wp-content\/uploads\/2017\/09\/Consejos-Garden-Center-Sopela.png","type":"image\/png"}],"author":"oscarmv","twitter_card":"summary_large_image","twitter_misc":{"Escrito por":"oscarmv","Tiempo de lectura":"6 minutos"},"schema":{"@context":"https:\/\/schema.org","@graph":[{"@type":"Article","@id":"https:\/\/www.mvgarden.com\/garden-center\/agenda-del-jardin-terraza-huerta-septiembre\/#article","isPartOf":{"@id":"https:\/\/www.mvgarden.com\/garden-center\/agenda-del-jardin-terraza-huerta-septiembre\/"},"author":{"name":"oscarmv","@id":"https:\/\/www.mvgarden.com\/garden-center\/#\/schema\/person\/6cf644e40ad2a6e6cec5f4de3d1a77ba"},"headline":"Agenda del jard\u00edn, terraza y huerta Septiembre","datePublished":"2017-09-04T09:30:23+00:00","dateModified":"2021-07-27T08:10:14+00:00","mainEntityOfPage":{"@id":"https:\/\/www.mvgarden.com\/garden-center\/agenda-del-jardin-terraza-huerta-septiembre\/"},"wordCount":1203,"publisher":{"@id":"https:\/\/www.mvgarden.com\/garden-center\/#organization"},"image":{"@id":"https:\/\/www.mvgarden.com\/garden-center\/agenda-del-jardin-terraza-huerta-septiembre\/#primaryimage"},"thumbnailUrl":"https:\/\/www.mvgarden.com\/garden-center\/wp-content\/uploads\/2017\/09\/Consejos-Garden-Center-Sopela.png","keywords":["C\u00e9sped del jard\u00edn","Consejos jardiner\u00eda","Huerta","Siembra"],"articleSection":["Plantas y flores"],"inLanguage":"es"},{"@type":"WebPage","@id":"https:\/\/www.mvgarden.com\/garden-center\/agenda-del-jardin-terraza-huerta-septiembre\/","url":"https:\/\/www.mvgarden.com\/garden-center\/agenda-del-jardin-terraza-huerta-septiembre\/","name":"Agenda del jard\u00edn, terraza y huerta Septiembre - Mvgarden","isPartOf":{"@id":"https:\/\/www.mvgarden.com\/garden-center\/#website"},"primaryImageOfPage":{"@id":"https:\/\/www.mvgarden.com\/garden-center\/agenda-del-jardin-terraza-huerta-septiembre\/#primaryimage"},"image":{"@id":"https:\/\/www.mvgarden.com\/garden-center\/agenda-del-jardin-terraza-huerta-septiembre\/#primaryimage"},"thumbnailUrl":"https:\/\/www.mvgarden.com\/garden-center\/wp-content\/uploads\/2017\/09\/Consejos-Garden-Center-Sopela.png","datePublished":"2017-09-04T09:30:23+00:00","dateModified":"2021-07-27T08:10:14+00:00","breadcrumb":{"@id":"https:\/\/www.mvgarden.com\/garden-center\/agenda-del-jardin-terraza-huerta-septiembre\/#breadcrumb"},"inLanguage":"es","potentialAction":[{"@type":"ReadAction","target":["https:\/\/www.mvgarden.com\/garden-center\/agenda-del-jardin-terraza-huerta-septiembre\/"]}]},{"@type":"ImageObject","inLanguage":"es","@id":"https:\/\/www.mvgarden.com\/garden-center\/agenda-del-jardin-terraza-huerta-septiembre\/#primaryimage","url":"https:\/\/www.mvgarden.com\/garden-center\/wp-content\/uploads\/2017\/09\/Consejos-Garden-Center-Sopela.png","contentUrl":"https:\/\/www.mvgarden.com\/garden-center\/wp-content\/uploads\/2017\/09\/Consejos-Garden-Center-Sopela.png","width":800,"height":600,"caption":"Consejos Garden Center Sopela"},{"@type":"BreadcrumbList","@id":"https:\/\/www.mvgarden.com\/garden-center\/agenda-del-jardin-terraza-huerta-septiembre\/#breadcrumb","itemListElement":[{"@type":"ListItem","position":1,"name":"Portada","item":"https:\/\/www.mvgarden.com\/garden-center\/"},{"@type":"ListItem","position":2,"name":"Agenda del jard\u00edn, terraza y huerta Septiembre"}]},{"@type":"WebSite","@id":"https:\/\/www.mvgarden.com\/garden-center\/#website","url":"https:\/\/www.mvgarden.com\/garden-center\/","name":"Garden Center","description":"Garden center Sopela","publisher":{"@id":"https:\/\/www.mvgarden.com\/garden-center\/#organization"},"potentialAction":[{"@type":"SearchAction","target":{"@type":"EntryPoint","urlTemplate":"https:\/\/www.mvgarden.com\/garden-center\/?s={search_term_string}"},"query-input":{"@type":"PropertyValueSpecification","valueRequired":true,"valueName":"search_term_string"}}],"inLanguage":"es"},{"@type":"Organization","@id":"https:\/\/www.mvgarden.com\/garden-center\/#organization","name":"Garden Center","url":"https:\/\/www.mvgarden.com\/garden-center\/","logo":{"@type":"ImageObject","inLanguage":"es","@id":"https:\/\/www.mvgarden.com\/garden-center\/#\/schema\/logo\/image\/","url":"https:\/\/www.mvgarden.com\/garden-center\/wp-content\/uploads\/2024\/05\/logo_mv_form.png","contentUrl":"https:\/\/www.mvgarden.com\/garden-center\/wp-content\/uploads\/2024\/05\/logo_mv_form.png","width":127,"height":97,"caption":"Garden Center"},"image":{"@id":"https:\/\/www.mvgarden.com\/garden-center\/#\/schema\/logo\/image\/"},"sameAs":["https:\/\/www.facebook.com\/mvgarden.sopelana\/","https:\/\/www.instagram.com\/gardencentersopela"]},{"@type":"Person","@id":"https:\/\/www.mvgarden.com\/garden-center\/#\/schema\/person\/6cf644e40ad2a6e6cec5f4de3d1a77ba","name":"oscarmv","url":"https:\/\/www.mvgarden.com\/garden-center\/author\/oscarmv\/"}]}},"_links":{"self":[{"href":"https:\/\/www.mvgarden.com\/garden-center\/wp-json\/wp\/v2\/posts\/5793","targetHints":{"allow":["GET"]}}],"collection":[{"href":"https:\/\/www.mvgarden.com\/garden-center\/wp-json\/wp\/v2\/posts"}],"about":[{"href":"https:\/\/www.mvgarden.com\/garden-center\/wp-json\/wp\/v2\/types\/post"}],"author":[{"embeddable":true,"href":"https:\/\/www.mvgarden.com\/garden-center\/wp-json\/wp\/v2\/users\/2"}],"replies":[{"embeddable":true,"href":"https:\/\/www.mvgarden.com\/garden-center\/wp-json\/wp\/v2\/comments?post=5793"}],"version-history":[{"count":2,"href":"https:\/\/www.mvgarden.com\/garden-center\/wp-json\/wp\/v2\/posts\/5793\/revisions"}],"predecessor-version":[{"id":9500,"href":"https:\/\/www.mvgarden.com\/garden-center\/wp-json\/wp\/v2\/posts\/5793\/revisions\/9500"}],"wp:featuredmedia":[{"embeddable":true,"href":"https:\/\/www.mvgarden.com\/garden-center\/wp-json\/wp\/v2\/media\/9388"}],"wp:attachment":[{"href":"https:\/\/www.mvgarden.com\/garden-center\/wp-json\/wp\/v2\/media?parent=5793"}],"wp:term":[{"taxonomy":"category","embeddable":true,"href":"https:\/\/www.mvgarden.com\/garden-center\/wp-json\/wp\/v2\/categories?post=5793"},{"taxonomy":"post_tag","embeddable":true,"href":"https:\/\/www.mvgarden.com\/garden-center\/wp-json\/wp\/v2\/tags?post=5793"}],"curies":[{"name":"wp","href":"https:\/\/api.w.org\/{rel}","templated":true}]}}