{"id":5802,"date":"2018-10-03T14:42:56","date_gmt":"2018-10-03T14:42:56","guid":{"rendered":"https:\/\/www.mvgarden.com\/garden-center\/sin-categoria\/agenda-del-jardin-terraza-huerta-octubre\/"},"modified":"2021-07-26T09:00:23","modified_gmt":"2021-07-26T09:00:23","slug":"agenda-del-jardin-terraza-huerta-octubre","status":"publish","type":"post","link":"https:\/\/www.mvgarden.com\/garden-center\/agenda-del-jardin-terraza-huerta-octubre\/","title":{"rendered":"Agenda cuidados del jard\u00edn, terraza y huerta Octubre"},"content":{"rendered":"<p>&nbsp;<\/p>\n<div id=\"linea\">\n<div id=\"texto_agenda\">\n<p><strong>\u2713 Plantaciones, trasplantes, cambios de tiesto. <\/strong>Al igual que septiembre, octubre ofrece las condiciones clim\u00e1ticas ideales para plantar, y trasplantar de suelo a suelo si la especie lo resiste, \u00e1rboles y arbustos: caducifolios que ya han entrado en reposo, con\u00edferas en cepell\u00f3n (si quieres un seto debes plantarlo ahora), laureles, adelfas, madro\u00f1os, olivos.<\/p>\n<p>\u2022 En todos los casos es recomendable abrir los hoyos unos 15 d\u00edas antes de plantar.<\/p>\n<p>\u2022 No te olvides de comprobar el drenaje.<\/p>\n<p>\u2022 Si plantas un \u00e1rbol no dejes de entutorarlo, as\u00ed resistir\u00e1 mejor los embates del viento y crecer\u00e1 bien.<\/p>\n<p><strong>\u2713 Poda.<\/strong>\u00a0Si no has recortado los setos y topiarios de con\u00edferas y perennifolias en septiembre, hazlo ahora. Aprovecha para limpiarlos de ramas secas, desviadas o estropeadas. Hasta la pr\u00f3xima primavera no necesitar\u00e1s podarlas de nuevo.<\/p>\n<p><strong>\u2713 Abonado.<\/strong> Las plantas de flor de temporada \u2014crisantemos, \u00e1steres, tagetes, cicl\u00e1menes, ag\u00e9ratos, coralillos, pensamientos, s\u00e9dums,<em>Bellis perennis\u2014<\/em> florecer\u00e1n m\u00e1s tiempo si les brindas un fertilizante rico en potasio. Al c\u00e9sped, los ejemplares reci\u00e9n podados y el huerto les vendr\u00e1 bien un aporte de abono org\u00e1nico (humus de lombriz, esti\u00e9rcol)<\/p>\n<div id=\"linea\">\n<div id=\"linea\">\n<h2><img decoding=\"async\" src=\"https:\/\/www.mvgarden.com\/garden-center\/wp-content\/uploads\/2021\/07\/ico_agenda_1.gif\" width=\"68\" height=\"41\" border=\"0\" \/>\u00c1rboles, arbustos y trepadoras<\/h2>\n<div id=\"solapa\">\n<p><strong>Tiempo de plantar&#8230;\u00a0<\/strong><\/p>\n<div id=\"solapa\">\n<p>Si quieres tener <strong>un seto de con\u00edferas<\/strong> o de cualquier otra perennifolia, este es un mes ideal para plantar los ejemplares. Si se presentan en cepell\u00f3n, con m\u00e1s raz\u00f3n a\u00fan: octubre es el mes l\u00edmite, caso contrario deber\u00e1s esperar hasta mayo.<\/p>\n<p>Este es tambi\u00e9n el momento ideal para plantar trepadoras como la <strong><em>Parthenocissus quinquefolia,<\/em><\/strong>que se pone roja en estos meses; tambi\u00e9n para obtener esquejes. En cambio deber\u00e1s esperar al invierno para plantar la <em>P. tricuspidata, <\/em><a href=\"http:\/\/www.verdeesvida.es\/plantas_de_exterior_e_interior_2\/trepadoras_para_cubrir_muros_y_fachadas_166\">.<\/a>En la plantaci\u00f3n debes proceder igual que con las dem\u00e1s le\u00f1osas .<\/p>\n<p><strong>Dales aceite mineral a los \u00e1rboles<\/strong><\/p>\n<p>El aceite mineral evita que las plagas, que van a entrar en latencia, puedan desarrollarse la pr\u00f3xima primavera.\u00a0Cepilla el tronco y las ramas antes de aplicarlo. Es importante repetir el tratamiento en invierno y a comienzos de la primavera para que sea m\u00e1s eficaz.<\/p>\n<p><strong>Podar, esquejar y plantar arom\u00e1ticas<\/strong><\/p>\n<p>Pasada ya la floraci\u00f3n de las lavandas y las salvias, conviene recortar las espigas y una parte del tallo para que conserven un porte compacto y no se vuelvan muy le\u00f1osas. Con los restos de poda se pueden obtener esquejes. Tambi\u00e9n es buen momento para plantar ejemplares nuevos en el suelo o en tiestos.<\/p>\n<\/div>\n<\/div>\n<h2><img decoding=\"async\" src=\"https:\/\/www.mvgarden.com\/garden-center\/wp-content\/uploads\/2021\/07\/ico_agenda_2.gif\" width=\"68\" height=\"41\" border=\"0\" \/>Plantas de flor<\/h2>\n<div id=\"solapa_1\">\n<p class=\"titulo_solapa\"><strong>Si quieres flores durante el oto\u00f1o&#8230;<\/strong><\/p>\n<p>Las plantas de temporada \u2014crisantemos, \u00e1steres, cicl\u00e1menes, s\u00e9dums, pensamientos, entre tantas otras de floraci\u00f3n oto\u00f1al, y las anuales de verano que siguen dando flores hasta la llegada del invierno \u2014tagetes, coralillos, ag\u00e9ratos, geranios, aliso mar\u00edtimo\u2014 necesitan algunos cuidados para florecer larga y abundantemente.<\/p>\n<p>\u2022 Proporci\u00f3nales abono para plantas de flor, rico en potasio.<\/p>\n<p>\u2022 Mantenlas libres de malas hierbas, que compiten por el agua, los nutrientes y la luz.<\/p>\n<p>\u2022 En las regiones donde empieza a hacer fr\u00edo ya es momento de proteger las ra\u00edces de las m\u00e1s sensibles con <em>mulching<\/em> de mantillo (de paso aportar\u00e1s matreia org\u00e1nica al suelo), corteza de pino, paja limpia&#8230;<\/p>\n<p>\u2022 Pinza las flores secas para que sigan floreciendo durante varias semanas.<\/p>\n<p>\u2022 Controla la aparici\u00f3n del o\u00eddio (f\u00edjate en Otras tareas).<\/p>\n<p><strong>Planta los bulbos de primavera<\/strong><\/p>\n<p>Si en primavera quieres el jard\u00edn y la terraza llenos de<strong> tulipanes, jacintos, narcisos, muscaris, crocus&#8230;<\/strong> planta los bulbos ahora. Enti\u00e9rralos entre plantitas de <strong>aliso mar\u00edtimo, pensamiento, violeta, ciclamen&#8230;<\/strong><\/p>\n<p><strong>\u2022 El sustrato.<\/strong> Es muy importante que drene bien, caso contrario los bulbos se pudrir\u00e1n. Una tierra rica y con textura franco arenosa es lo adecuado.<\/p>\n<p><strong>\u2022 La posici\u00f3n.<\/strong> Los bulbos, en general, necesitan un sitio soleado.<\/p>\n<p><strong>\u2022 La plantaci\u00f3n.<\/strong> Con un plantador de bulbos te resultar\u00e1 m\u00e1s f\u00e1cil\u00a0(<a href=\"http:\/\/www.verdeesvida.es\/tecnicas_y_cuidados_4\/bulbos_de_primavera:_es_hora_de_plantarlos__99\">ver<\/a>).\u00a0La profundidad de plantaci\u00f3n es clave: ten en cuenta las indicaciones de la etiqueta. El punto de brotaci\u00f3n debe quedar hacia arriba.<\/p>\n<p><strong>\u2022 El riego.<\/strong> El sustrato no debe secarse, pero mucho cuidado con encharcarlo.<\/p>\n<\/div>\n<div id=\"solapa_1\">\n<h2><img decoding=\"async\" src=\"https:\/\/www.mvgarden.com\/garden-center\/wp-content\/uploads\/2021\/07\/ico_agenda_3.gif\" width=\"68\" height=\"41\" border=\"0\" \/>Plantas de interior<\/h2>\n<p><strong>Dales abono cada dos semanas<\/strong><\/p>\n<p>Contin\u00faa aportando a las plantas verdes de interior un fertilizante l\u00edquido rico en nitr\u00f3geno, disuelto en el agua de riego.\u00a0Estimular\u00e1s el crecimiento y conseguir\u00e1s hojas m\u00e1s verdes.\u00a0Hazlo cada 15 d\u00edas sobre el sustrato h\u00famedo. En noviembre deber\u00e1s espaciar la aplicaci\u00f3n de abono, ya que la actividad vegetativa de las plantas entrar\u00e1 en fase de reposo.<\/p>\n<p><strong>Espacia los riegos, pero proc\u00farales humedad ambiental<\/strong><\/p>\n<p>A menos calor, menor necesidad de agua. En el caso de algunas especies debes dejar que la tierra se seque entre uno y otro riego. Pero sigue procur\u00e1ndoles humedad mediante pulverizaciones de agua destilada o desmineralizada, preferentemente (no mojes las flores). La ma\u00f1ana es el mejor momento del d\u00eda para regarlas. Limpia las hojas de polvo: las lisas y grandes con un pa\u00f1o h\u00famedo y las vellosas con un pincel suave.<\/p>\n<\/div>\n<\/div>\n<p>&nbsp;<\/p>\n<div id=\"linea\">\n<div>\n<h2><img decoding=\"async\" src=\"https:\/\/www.mvgarden.com\/garden-center\/wp-content\/uploads\/2021\/07\/ico_agenda_4.gif\" width=\"68\" height=\"41\" border=\"0\" \/>Huerto<\/h2>\n<p><strong>En plena cosecha<\/strong><\/p>\n<p>\u2022 En torno al 29 de septiembre, d\u00eda de San Miguel, se produce el \u201cveranillo del <strong>membrillo<\/strong>\u201d, en el que se inicia la recogida de estos frutos, pero tambi\u00e9n de <strong>kiwis <\/strong>y <strong>avellanas.<\/strong><\/p>\n<p>\u2022 Mientras, sigue la cosecha de <strong>nueces, kakis, granadas,<\/strong> algunas variedades de <strong>limones<\/strong> y las \u00faltimas <strong>manzanas y peras.<\/strong><\/p>\n<p>\u2022 Este mes alcanzan tambi\u00e9n su punto de madurez las <strong>grosellas negras<\/strong><em>(Ribes nigrum),<\/em><strong>uvas crispas<\/strong><em>(Ribes uva-crispa)<\/em> y <strong>endrinas <\/strong><em>(Prunus espinosa). <\/em>Espera un d\u00eda soleado para cosecharlas. Si quieres obtener esquejes para multiplicar los ejemplares ahora es el momento.<\/p>\n<p>\u2022 En el huerto podr\u00e1s recoger ya las <strong>patatas tard\u00edas<\/strong> que plantaste al final de la primavera .Gu\u00e1rdalas en un sitio oscuro y fresco.<\/p>\n<\/div>\n<p><strong>Siembras y plantaciones<\/strong><\/p>\n<div>\n<p>\u2022 Limpia los bancales de restos de hortalizas agotadas y malas hierbas, remueve la tierra y m\u00e9zclala con abono org\u00e1nico (un 5%, no m\u00e1s) y planta o siembra <strong>espinacas, coles, acelgas, puerros, r\u00e1banos, zanahorias&#8230;<\/strong><\/p>\n<p>&nbsp;<\/p>\n<\/div>\n<\/div>\n<div>\n<div id=\"solapa_3\">\n<h2><img decoding=\"async\" src=\"https:\/\/www.mvgarden.com\/garden-center\/wp-content\/uploads\/2021\/07\/ico_agenda_5.gif\" width=\"68\" height=\"41\" border=\"0\" \/>Cesp\u00e9d<\/h2>\n<div id=\"solapa_4\">\n<p class=\"titulo_solapa\"><strong>La hierba, lista para afrontar el fr\u00edo<\/strong><\/p>\n<p>\u2022 Si no lo has hecho en septiembre este es un buen momento para pasar el escarificador: el agua, la luz y el aire penetrar\u00e1n con mayor facilidad hasta las ra\u00edces gracias a los agujeros que se abrir\u00e1n en la capa de hierba seca que se forma sobre la superficie; haz esta operaci\u00f3n con el c\u00e9sped reci\u00e9n segado. Aplica abono org\u00e1nico a continuaci\u00f3n y riega ligeramente.<\/p>\n<p>\u2022 Las lluvias de oto\u00f1o pueden propiciar la aparici\u00f3n de musgo, algas y l\u00edquenes sobre todo en las zonas m\u00e1s umbrosas de la pradera o donde la tierra est\u00e1 m\u00e1s compactada. El escarificado suele valer como m\u00e9todo preventivo. Si detectas su presencia, aplica el fitosanitario preciso (pregunta en tu centro de jardiner\u00eda); una vez seco, raspa la zona, escarif\u00edcala y resiembra aportando mantillo al mismo tiempo.<\/p>\n<p>\u2022 Despu\u00e9s del verano, el c\u00e9sped crece con mayor lentitud, de modo que ya no exigir\u00e1 siegas tan seguidas; deja la hierba un poco m\u00e1s alta.<\/p>\n<p>\u2022 Tambi\u00e9n puedes reducir la frecuencia de riego.<\/p>\n<p>\u2022 Mantenlo libre de hojas secas.<\/p>\n<\/div>\n<\/div>\n<\/div>\n<h2><span class=\"revista\">OTRAS TAREAS<\/span><\/h2>\n<p><strong>Vigila el ataque del o\u00eddio<\/strong><\/p>\n<p>El hongo o\u00eddio se manifiesta en forma de manchas de polvillo blanco en las hojas, capullos y frutos de muchas plantas. Favorecen su aparici\u00f3n la humedad ambiental que producen el roc\u00edo y las lluvias, y las temperaturas suaves, como las de este mes. Los ev\u00f3nimos, rosales, crisantemos, phlox, dalias, geranios, \u00e1rboles como el roble y el pl\u00e1tano de sombra, muchos frutales (manzanos, melocotoneros, vides) y hortalizas (cucurbit\u00e1ceas) son blanco de su ataque. Si se extiende, las hojas amarillean y caen; puede provocar incluso la desecaci\u00f3n de partes de la planta.<\/p>\n<p><strong>\u2022 Prevenci\u00f3n: <\/strong>Aplica peri\u00f3dicamente un fungicida preferiblemente sist\u00e9mico, o fumiga con un fungicida con azufre como principio activo (se considera ecol\u00f3gico).<\/p>\n<p><strong>\u2022 Control:<\/strong> Si ya ha atacado, elimina las partes afectadas y fumiga con un fungicida de contacto basado en azufre.<\/p>\n<\/div>\n<div>\n<div id=\"solapa_3\">\n<div id=\"solapa_4\">\n<p>Fuente: <em>Verde es vida . www.verdeesvida.es<\/em><\/p>\n<\/div>\n<\/div>\n<\/div>\n<\/div>\n<\/div>\n","protected":false},"excerpt":{"rendered":"<p>&nbsp; \u2713 Plantaciones, trasplantes, cambios de tiesto. Al igual que septiembre, octubre ofrece las condiciones clim\u00e1ticas ideales para plantar, y trasplantar de suelo a suelo si la especie lo resiste, \u00e1rboles y arbustos: caducifolios que ya han entrado en reposo, con\u00edferas en cepell\u00f3n (si quieres un seto debes plantarlo ahora), laureles, adelfas, madro\u00f1os, olivos. \u2022 [&hellip;]<\/p>\n","protected":false},"author":2,"featured_media":9388,"comment_status":"closed","ping_status":"open","sticky":false,"template":"","format":"standard","meta":{"inline_featured_image":false,"footnotes":""},"categories":[34],"tags":[111,82,158],"class_list":["post-5802","post","type-post","status-publish","format-standard","has-post-thumbnail","hentry","category-plantas-y-flores","tag-cesped-del-jardin","tag-consejos-jardineria","tag-huerta"],"yoast_head":"<!-- This site is optimized with the Yoast SEO plugin v27.4 - https:\/\/yoast.com\/product\/yoast-seo-wordpress\/ -->\n<title>Agenda cuidados del jard\u00edn, terraza y huerta Octubre - Mvgarden<\/title>\n<meta name=\"robots\" content=\"index, follow, max-snippet:-1, max-image-preview:large, max-video-preview:-1\" \/>\n<link rel=\"canonical\" href=\"https:\/\/www.mvgarden.com\/garden-center\/agenda-del-jardin-terraza-huerta-octubre\/\" \/>\n<meta property=\"og:locale\" content=\"es_ES\" \/>\n<meta property=\"og:type\" content=\"article\" \/>\n<meta property=\"og:title\" content=\"Agenda cuidados del jard\u00edn, terraza y huerta Octubre - Mvgarden\" \/>\n<meta property=\"og:description\" content=\"&nbsp; \u2713 Plantaciones, trasplantes, cambios de tiesto. Al igual que septiembre, octubre ofrece las condiciones clim\u00e1ticas ideales para plantar, y trasplantar de suelo a suelo si la especie lo resiste, \u00e1rboles y arbustos: caducifolios que ya han entrado en reposo, con\u00edferas en cepell\u00f3n (si quieres un seto debes plantarlo ahora), laureles, adelfas, madro\u00f1os, olivos. \u2022 [&hellip;]\" \/>\n<meta property=\"og:url\" content=\"https:\/\/www.mvgarden.com\/garden-center\/agenda-del-jardin-terraza-huerta-octubre\/\" \/>\n<meta property=\"og:site_name\" content=\"Mvgarden\" \/>\n<meta property=\"article:publisher\" content=\"https:\/\/www.facebook.com\/mvgarden.sopelana\/\" \/>\n<meta property=\"article:published_time\" content=\"2018-10-03T14:42:56+00:00\" \/>\n<meta property=\"article:modified_time\" content=\"2021-07-26T09:00:23+00:00\" \/>\n<meta property=\"og:image\" content=\"https:\/\/www.mvgarden.com\/garden-center\/wp-content\/uploads\/2017\/09\/Consejos-Garden-Center-Sopela.png\" \/>\n\t<meta property=\"og:image:width\" content=\"800\" \/>\n\t<meta property=\"og:image:height\" content=\"600\" \/>\n\t<meta property=\"og:image:type\" content=\"image\/png\" \/>\n<meta name=\"author\" content=\"oscarmv\" \/>\n<meta name=\"twitter:card\" content=\"summary_large_image\" \/>\n<meta name=\"twitter:label1\" content=\"Escrito por\" \/>\n\t<meta name=\"twitter:data1\" content=\"oscarmv\" \/>\n\t<meta name=\"twitter:label2\" content=\"Tiempo de lectura\" \/>\n\t<meta name=\"twitter:data2\" content=\"7 minutos\" \/>\n<script type=\"application\/ld+json\" class=\"yoast-schema-graph\">{\"@context\":\"https:\\\/\\\/schema.org\",\"@graph\":[{\"@type\":\"Article\",\"@id\":\"https:\\\/\\\/www.mvgarden.com\\\/garden-center\\\/agenda-del-jardin-terraza-huerta-octubre\\\/#article\",\"isPartOf\":{\"@id\":\"https:\\\/\\\/www.mvgarden.com\\\/garden-center\\\/agenda-del-jardin-terraza-huerta-octubre\\\/\"},\"author\":{\"name\":\"oscarmv\",\"@id\":\"https:\\\/\\\/www.mvgarden.com\\\/garden-center\\\/#\\\/schema\\\/person\\\/6cf644e40ad2a6e6cec5f4de3d1a77ba\"},\"headline\":\"Agenda cuidados del jard\u00edn, terraza y huerta Octubre\",\"datePublished\":\"2018-10-03T14:42:56+00:00\",\"dateModified\":\"2021-07-26T09:00:23+00:00\",\"mainEntityOfPage\":{\"@id\":\"https:\\\/\\\/www.mvgarden.com\\\/garden-center\\\/agenda-del-jardin-terraza-huerta-octubre\\\/\"},\"wordCount\":1370,\"publisher\":{\"@id\":\"https:\\\/\\\/www.mvgarden.com\\\/garden-center\\\/#organization\"},\"image\":{\"@id\":\"https:\\\/\\\/www.mvgarden.com\\\/garden-center\\\/agenda-del-jardin-terraza-huerta-octubre\\\/#primaryimage\"},\"thumbnailUrl\":\"https:\\\/\\\/www.mvgarden.com\\\/garden-center\\\/wp-content\\\/uploads\\\/2017\\\/09\\\/Consejos-Garden-Center-Sopela.png\",\"keywords\":[\"C\u00e9sped del jard\u00edn\",\"Consejos jardiner\u00eda\",\"Huerta\"],\"articleSection\":[\"Plantas y flores\"],\"inLanguage\":\"es\"},{\"@type\":\"WebPage\",\"@id\":\"https:\\\/\\\/www.mvgarden.com\\\/garden-center\\\/agenda-del-jardin-terraza-huerta-octubre\\\/\",\"url\":\"https:\\\/\\\/www.mvgarden.com\\\/garden-center\\\/agenda-del-jardin-terraza-huerta-octubre\\\/\",\"name\":\"Agenda cuidados del jard\u00edn, terraza y huerta Octubre - Mvgarden\",\"isPartOf\":{\"@id\":\"https:\\\/\\\/www.mvgarden.com\\\/garden-center\\\/#website\"},\"primaryImageOfPage\":{\"@id\":\"https:\\\/\\\/www.mvgarden.com\\\/garden-center\\\/agenda-del-jardin-terraza-huerta-octubre\\\/#primaryimage\"},\"image\":{\"@id\":\"https:\\\/\\\/www.mvgarden.com\\\/garden-center\\\/agenda-del-jardin-terraza-huerta-octubre\\\/#primaryimage\"},\"thumbnailUrl\":\"https:\\\/\\\/www.mvgarden.com\\\/garden-center\\\/wp-content\\\/uploads\\\/2017\\\/09\\\/Consejos-Garden-Center-Sopela.png\",\"datePublished\":\"2018-10-03T14:42:56+00:00\",\"dateModified\":\"2021-07-26T09:00:23+00:00\",\"breadcrumb\":{\"@id\":\"https:\\\/\\\/www.mvgarden.com\\\/garden-center\\\/agenda-del-jardin-terraza-huerta-octubre\\\/#breadcrumb\"},\"inLanguage\":\"es\",\"potentialAction\":[{\"@type\":\"ReadAction\",\"target\":[\"https:\\\/\\\/www.mvgarden.com\\\/garden-center\\\/agenda-del-jardin-terraza-huerta-octubre\\\/\"]}]},{\"@type\":\"ImageObject\",\"inLanguage\":\"es\",\"@id\":\"https:\\\/\\\/www.mvgarden.com\\\/garden-center\\\/agenda-del-jardin-terraza-huerta-octubre\\\/#primaryimage\",\"url\":\"https:\\\/\\\/www.mvgarden.com\\\/garden-center\\\/wp-content\\\/uploads\\\/2017\\\/09\\\/Consejos-Garden-Center-Sopela.png\",\"contentUrl\":\"https:\\\/\\\/www.mvgarden.com\\\/garden-center\\\/wp-content\\\/uploads\\\/2017\\\/09\\\/Consejos-Garden-Center-Sopela.png\",\"width\":800,\"height\":600,\"caption\":\"Consejos Garden Center Sopela\"},{\"@type\":\"BreadcrumbList\",\"@id\":\"https:\\\/\\\/www.mvgarden.com\\\/garden-center\\\/agenda-del-jardin-terraza-huerta-octubre\\\/#breadcrumb\",\"itemListElement\":[{\"@type\":\"ListItem\",\"position\":1,\"name\":\"Portada\",\"item\":\"https:\\\/\\\/www.mvgarden.com\\\/garden-center\\\/\"},{\"@type\":\"ListItem\",\"position\":2,\"name\":\"Agenda cuidados del jard\u00edn, terraza y huerta Octubre\"}]},{\"@type\":\"WebSite\",\"@id\":\"https:\\\/\\\/www.mvgarden.com\\\/garden-center\\\/#website\",\"url\":\"https:\\\/\\\/www.mvgarden.com\\\/garden-center\\\/\",\"name\":\"Garden Center\",\"description\":\"Garden center Sopela\",\"publisher\":{\"@id\":\"https:\\\/\\\/www.mvgarden.com\\\/garden-center\\\/#organization\"},\"potentialAction\":[{\"@type\":\"SearchAction\",\"target\":{\"@type\":\"EntryPoint\",\"urlTemplate\":\"https:\\\/\\\/www.mvgarden.com\\\/garden-center\\\/?s={search_term_string}\"},\"query-input\":{\"@type\":\"PropertyValueSpecification\",\"valueRequired\":true,\"valueName\":\"search_term_string\"}}],\"inLanguage\":\"es\"},{\"@type\":\"Organization\",\"@id\":\"https:\\\/\\\/www.mvgarden.com\\\/garden-center\\\/#organization\",\"name\":\"Garden Center\",\"url\":\"https:\\\/\\\/www.mvgarden.com\\\/garden-center\\\/\",\"logo\":{\"@type\":\"ImageObject\",\"inLanguage\":\"es\",\"@id\":\"https:\\\/\\\/www.mvgarden.com\\\/garden-center\\\/#\\\/schema\\\/logo\\\/image\\\/\",\"url\":\"https:\\\/\\\/www.mvgarden.com\\\/garden-center\\\/wp-content\\\/uploads\\\/2024\\\/05\\\/logo_mv_form.png\",\"contentUrl\":\"https:\\\/\\\/www.mvgarden.com\\\/garden-center\\\/wp-content\\\/uploads\\\/2024\\\/05\\\/logo_mv_form.png\",\"width\":127,\"height\":97,\"caption\":\"Garden Center\"},\"image\":{\"@id\":\"https:\\\/\\\/www.mvgarden.com\\\/garden-center\\\/#\\\/schema\\\/logo\\\/image\\\/\"},\"sameAs\":[\"https:\\\/\\\/www.facebook.com\\\/mvgarden.sopelana\\\/\",\"https:\\\/\\\/www.instagram.com\\\/gardencentersopela\"]},{\"@type\":\"Person\",\"@id\":\"https:\\\/\\\/www.mvgarden.com\\\/garden-center\\\/#\\\/schema\\\/person\\\/6cf644e40ad2a6e6cec5f4de3d1a77ba\",\"name\":\"oscarmv\",\"url\":\"https:\\\/\\\/www.mvgarden.com\\\/garden-center\\\/author\\\/oscarmv\\\/\"}]}<\/script>\n<!-- \/ Yoast SEO plugin. -->","yoast_head_json":{"title":"Agenda cuidados del jard\u00edn, terraza y huerta Octubre - Mvgarden","robots":{"index":"index","follow":"follow","max-snippet":"max-snippet:-1","max-image-preview":"max-image-preview:large","max-video-preview":"max-video-preview:-1"},"canonical":"https:\/\/www.mvgarden.com\/garden-center\/agenda-del-jardin-terraza-huerta-octubre\/","og_locale":"es_ES","og_type":"article","og_title":"Agenda cuidados del jard\u00edn, terraza y huerta Octubre - Mvgarden","og_description":"&nbsp; \u2713 Plantaciones, trasplantes, cambios de tiesto. Al igual que septiembre, octubre ofrece las condiciones clim\u00e1ticas ideales para plantar, y trasplantar de suelo a suelo si la especie lo resiste, \u00e1rboles y arbustos: caducifolios que ya han entrado en reposo, con\u00edferas en cepell\u00f3n (si quieres un seto debes plantarlo ahora), laureles, adelfas, madro\u00f1os, olivos. \u2022 [&hellip;]","og_url":"https:\/\/www.mvgarden.com\/garden-center\/agenda-del-jardin-terraza-huerta-octubre\/","og_site_name":"Mvgarden","article_publisher":"https:\/\/www.facebook.com\/mvgarden.sopelana\/","article_published_time":"2018-10-03T14:42:56+00:00","article_modified_time":"2021-07-26T09:00:23+00:00","og_image":[{"width":800,"height":600,"url":"https:\/\/www.mvgarden.com\/garden-center\/wp-content\/uploads\/2017\/09\/Consejos-Garden-Center-Sopela.png","type":"image\/png"}],"author":"oscarmv","twitter_card":"summary_large_image","twitter_misc":{"Escrito por":"oscarmv","Tiempo de lectura":"7 minutos"},"schema":{"@context":"https:\/\/schema.org","@graph":[{"@type":"Article","@id":"https:\/\/www.mvgarden.com\/garden-center\/agenda-del-jardin-terraza-huerta-octubre\/#article","isPartOf":{"@id":"https:\/\/www.mvgarden.com\/garden-center\/agenda-del-jardin-terraza-huerta-octubre\/"},"author":{"name":"oscarmv","@id":"https:\/\/www.mvgarden.com\/garden-center\/#\/schema\/person\/6cf644e40ad2a6e6cec5f4de3d1a77ba"},"headline":"Agenda cuidados del jard\u00edn, terraza y huerta Octubre","datePublished":"2018-10-03T14:42:56+00:00","dateModified":"2021-07-26T09:00:23+00:00","mainEntityOfPage":{"@id":"https:\/\/www.mvgarden.com\/garden-center\/agenda-del-jardin-terraza-huerta-octubre\/"},"wordCount":1370,"publisher":{"@id":"https:\/\/www.mvgarden.com\/garden-center\/#organization"},"image":{"@id":"https:\/\/www.mvgarden.com\/garden-center\/agenda-del-jardin-terraza-huerta-octubre\/#primaryimage"},"thumbnailUrl":"https:\/\/www.mvgarden.com\/garden-center\/wp-content\/uploads\/2017\/09\/Consejos-Garden-Center-Sopela.png","keywords":["C\u00e9sped del jard\u00edn","Consejos jardiner\u00eda","Huerta"],"articleSection":["Plantas y flores"],"inLanguage":"es"},{"@type":"WebPage","@id":"https:\/\/www.mvgarden.com\/garden-center\/agenda-del-jardin-terraza-huerta-octubre\/","url":"https:\/\/www.mvgarden.com\/garden-center\/agenda-del-jardin-terraza-huerta-octubre\/","name":"Agenda cuidados del jard\u00edn, terraza y huerta Octubre - Mvgarden","isPartOf":{"@id":"https:\/\/www.mvgarden.com\/garden-center\/#website"},"primaryImageOfPage":{"@id":"https:\/\/www.mvgarden.com\/garden-center\/agenda-del-jardin-terraza-huerta-octubre\/#primaryimage"},"image":{"@id":"https:\/\/www.mvgarden.com\/garden-center\/agenda-del-jardin-terraza-huerta-octubre\/#primaryimage"},"thumbnailUrl":"https:\/\/www.mvgarden.com\/garden-center\/wp-content\/uploads\/2017\/09\/Consejos-Garden-Center-Sopela.png","datePublished":"2018-10-03T14:42:56+00:00","dateModified":"2021-07-26T09:00:23+00:00","breadcrumb":{"@id":"https:\/\/www.mvgarden.com\/garden-center\/agenda-del-jardin-terraza-huerta-octubre\/#breadcrumb"},"inLanguage":"es","potentialAction":[{"@type":"ReadAction","target":["https:\/\/www.mvgarden.com\/garden-center\/agenda-del-jardin-terraza-huerta-octubre\/"]}]},{"@type":"ImageObject","inLanguage":"es","@id":"https:\/\/www.mvgarden.com\/garden-center\/agenda-del-jardin-terraza-huerta-octubre\/#primaryimage","url":"https:\/\/www.mvgarden.com\/garden-center\/wp-content\/uploads\/2017\/09\/Consejos-Garden-Center-Sopela.png","contentUrl":"https:\/\/www.mvgarden.com\/garden-center\/wp-content\/uploads\/2017\/09\/Consejos-Garden-Center-Sopela.png","width":800,"height":600,"caption":"Consejos Garden Center Sopela"},{"@type":"BreadcrumbList","@id":"https:\/\/www.mvgarden.com\/garden-center\/agenda-del-jardin-terraza-huerta-octubre\/#breadcrumb","itemListElement":[{"@type":"ListItem","position":1,"name":"Portada","item":"https:\/\/www.mvgarden.com\/garden-center\/"},{"@type":"ListItem","position":2,"name":"Agenda cuidados del jard\u00edn, terraza y huerta Octubre"}]},{"@type":"WebSite","@id":"https:\/\/www.mvgarden.com\/garden-center\/#website","url":"https:\/\/www.mvgarden.com\/garden-center\/","name":"Garden Center","description":"Garden center Sopela","publisher":{"@id":"https:\/\/www.mvgarden.com\/garden-center\/#organization"},"potentialAction":[{"@type":"SearchAction","target":{"@type":"EntryPoint","urlTemplate":"https:\/\/www.mvgarden.com\/garden-center\/?s={search_term_string}"},"query-input":{"@type":"PropertyValueSpecification","valueRequired":true,"valueName":"search_term_string"}}],"inLanguage":"es"},{"@type":"Organization","@id":"https:\/\/www.mvgarden.com\/garden-center\/#organization","name":"Garden Center","url":"https:\/\/www.mvgarden.com\/garden-center\/","logo":{"@type":"ImageObject","inLanguage":"es","@id":"https:\/\/www.mvgarden.com\/garden-center\/#\/schema\/logo\/image\/","url":"https:\/\/www.mvgarden.com\/garden-center\/wp-content\/uploads\/2024\/05\/logo_mv_form.png","contentUrl":"https:\/\/www.mvgarden.com\/garden-center\/wp-content\/uploads\/2024\/05\/logo_mv_form.png","width":127,"height":97,"caption":"Garden Center"},"image":{"@id":"https:\/\/www.mvgarden.com\/garden-center\/#\/schema\/logo\/image\/"},"sameAs":["https:\/\/www.facebook.com\/mvgarden.sopelana\/","https:\/\/www.instagram.com\/gardencentersopela"]},{"@type":"Person","@id":"https:\/\/www.mvgarden.com\/garden-center\/#\/schema\/person\/6cf644e40ad2a6e6cec5f4de3d1a77ba","name":"oscarmv","url":"https:\/\/www.mvgarden.com\/garden-center\/author\/oscarmv\/"}]}},"_links":{"self":[{"href":"https:\/\/www.mvgarden.com\/garden-center\/wp-json\/wp\/v2\/posts\/5802","targetHints":{"allow":["GET"]}}],"collection":[{"href":"https:\/\/www.mvgarden.com\/garden-center\/wp-json\/wp\/v2\/posts"}],"about":[{"href":"https:\/\/www.mvgarden.com\/garden-center\/wp-json\/wp\/v2\/types\/post"}],"author":[{"embeddable":true,"href":"https:\/\/www.mvgarden.com\/garden-center\/wp-json\/wp\/v2\/users\/2"}],"replies":[{"embeddable":true,"href":"https:\/\/www.mvgarden.com\/garden-center\/wp-json\/wp\/v2\/comments?post=5802"}],"version-history":[{"count":2,"href":"https:\/\/www.mvgarden.com\/garden-center\/wp-json\/wp\/v2\/posts\/5802\/revisions"}],"predecessor-version":[{"id":9389,"href":"https:\/\/www.mvgarden.com\/garden-center\/wp-json\/wp\/v2\/posts\/5802\/revisions\/9389"}],"wp:featuredmedia":[{"embeddable":true,"href":"https:\/\/www.mvgarden.com\/garden-center\/wp-json\/wp\/v2\/media\/9388"}],"wp:attachment":[{"href":"https:\/\/www.mvgarden.com\/garden-center\/wp-json\/wp\/v2\/media?parent=5802"}],"wp:term":[{"taxonomy":"category","embeddable":true,"href":"https:\/\/www.mvgarden.com\/garden-center\/wp-json\/wp\/v2\/categories?post=5802"},{"taxonomy":"post_tag","embeddable":true,"href":"https:\/\/www.mvgarden.com\/garden-center\/wp-json\/wp\/v2\/tags?post=5802"}],"curies":[{"name":"wp","href":"https:\/\/api.w.org\/{rel}","templated":true}]}}