{"id":5805,"date":"2018-11-05T09:30:13","date_gmt":"2018-11-05T09:30:13","guid":{"rendered":"https:\/\/www.mvgarden.com\/garden-center\/sin-categoria\/agenda-cuidados-la-plantas-jardin-terraza\/"},"modified":"2021-07-20T11:43:52","modified_gmt":"2021-07-20T11:43:52","slug":"agenda-cuidados-la-plantas-jardin-terraza","status":"publish","type":"post","link":"https:\/\/www.mvgarden.com\/garden-center\/agenda-cuidados-la-plantas-jardin-terraza\/","title":{"rendered":"Agenda cuidados de la plantas, jard\u00edn y terraza en Noviembre"},"content":{"rendered":"<p><strong>Consejos y\u00a0cuidados de la plantas, jard\u00edn y terraza<\/strong><\/p>\n<p class=\"entradilla_agenda\">Ventoso y fr\u00edo, noviembre es un mes que exige tomar precauciones, sobre todo con las especies m\u00e1s delicadas y las reci\u00e9n plantadas. La naturaleza est\u00e1 entrando en reposo, pero todav\u00eda hay mucho que hacer en el jard\u00edn, la terraza y el huerto.<\/p>\n<p><strong><span class=\"revista\">TAREAS GENERALES DEL MES<\/span><\/strong><\/p>\n<div id=\"linea\">\n<div id=\"texto_agenda\">\n<p><strong>\u2713 Plantaciones y trasplantes. <\/strong>El mejor momento para plantar o trasplantar \u2014si la especie lo permite\u2014 los \u00e1rboles y arbustos caducifolios (rosales incluidos) es cuando han perdido el follaje, especialmente si es a ra\u00edz desnuda.<\/p>\n<p><strong>\u2713 Poda.<\/strong> En noviembre toca recortar las ramas secas o mal orientadas de algunas trepadoras (rosales trepadores incluidos), frutales (manzanos y perales) y \u00e1rboles desnudos; unta las heridas con pasta cicatrizante para prevenir el ataque de plagas y enfermedades.<\/p>\n<p>\u2022 Tambi\u00e9n puedes efectuar la <strong>prepoda de los rosales de pie,<\/strong> siempre que no est\u00e9n dando flores.<\/p>\n<p><strong>\u2713 Acolchado. <\/strong>Protege las ra\u00edces de las plantas m\u00e1s delicadas con cinco a 10 cent\u00edmetros de corteza de pino o paja.<\/p>\n<p><strong>\u2713 Riego. <\/strong>Suspende el riego del jard\u00edn, salvo si el tiempo se presenta muy seco, pero contin\u00faa regando los tiestos de la terraza, aunque con menor frecuencia. Vac\u00eda, desmonta y recoge el sistema de riego (o c\u00fabrelo con arpillera o pl\u00e1stico) y la manguera para que las heladas no los estropeen.<\/p>\n<p><strong>\u2713 Abonado.\u00a0<\/strong>No debes aplicar abono hasta la primavera, a excepci\u00f3n de las plantas de flor de temporada.<\/p>\n<\/div>\n<\/div>\n<div id=\"linea\">\n<div id=\"linea\">\n<h2><img decoding=\"async\" src=\"https:\/\/www.mvgarden.com\/garden-center\/wp-content\/uploads\/2021\/07\/ico_agenda_1.gif\" width=\"68\" height=\"41\" border=\"0\" \/>\u00c1rboles, arbustos y trepadoras<\/h2>\n<div id=\"solapa\">\n<p><strong>Protege del fr\u00edo los ejemplares m\u00e1s sensibles<\/strong><\/p>\n<p>Cuando las temperaturas bajan de 6\u00ba, muchos \u00e1rboles y arbustos reci\u00e9n plantados o delicados pueden empezar a sufrir da\u00f1os. Deben ser protegidos con mallas, fundas o mantos de hibernaci\u00f3n<\/p>\n<p><strong>Sujeciones contra el viento<\/strong><\/p>\n<p>Noviembre es un mes especialmente ventoso. Coloca tutores firmes a los ejemplares nuevos o m\u00e1s d\u00e9biles, amarrados de tal forma que no da\u00f1en la corteza.\u00a0Las sujeciones de las trepadoras tambi\u00e9n necesitan una revisi\u00f3n.<\/p>\n<p><strong>C\u00edtricos a salvo de las heladas<\/strong><\/p>\n<p>Si cultivas c\u00edtricos en la terraza o el porche, ll\u00e9valos a cubierto o c\u00fabrelos con una funda de hibernaci\u00f3n, especialmente si son limoneros, naranjos y mandarinos, que soportan peor las heladas. Los kumquats son m\u00e1s resistentes.<\/p>\n<p><strong>Las palmeras menos r\u00fasticas, bien abrigadas<\/strong><\/p>\n<p>Hay palmeras capaces de soportar temperaturas extremas, pero muchas otras sufren da\u00f1os a causa del fr\u00edo y las heladas. Lleva hacia arriba las palmas, \u00e1talas y rod\u00e9alas con una esterilla o arpillera. Tambi\u00e9n puedes utilizar lana o estopa y paja para proteger el cogollo. Acolcha el suelo para proteger las ra\u00edces.<\/p>\n<p>&nbsp;<\/p>\n<\/div>\n<h2><img decoding=\"async\" src=\"https:\/\/www.mvgarden.com\/garden-center\/wp-content\/uploads\/2021\/07\/ico_agenda_2.gif\" width=\"68\" height=\"41\" border=\"0\" \/>Plantas de flor<\/h2>\n<div id=\"solapa_1\">\n<p class=\"titulo_solapa\"><strong>Poda y multiplica tus vivaces<\/strong><\/p>\n<p>Aprovecha para dar forma a los <strong>geranios, felicias, asteriscos y ajanias<\/strong>\u00a0cortando las ramas m\u00e1s alargadas; puedes utilizarlas para obtener esquejes y multiplicar los ejemplares.\u00a0Y divide las matas de <strong>phlox <\/strong>(no todos los a\u00f1os).<\/p>\n<p>Deja en pie las que aun secas conservan su belleza ya sea porque exhiben corolas secas o\u00a0cabezas de semillas atractivas, as\u00ed como las<strong>\u00a0gram\u00edneas ornamentales.<\/strong><\/p>\n<p><strong>Gram\u00edneas en su apogeo<\/strong><\/p>\n<p>A lo largo del oto\u00f1o y el invierno, el dorado de las gram\u00edneas ornamentales cobra un especial protagonismo en los jardines, ya sea en plantaciones monoculturales o mezcladas con vivaces de floraci\u00f3n oto\u00f1al como <strong>s\u00e9dums, \u00e1steres, brezos, milenramas<\/strong> <em>(Achillea millefolium)<\/em> y <strong>Verbena bonariensis. <\/strong>D\u00e9jalas en pie hasta el final del invierno, que es cuando se deben cortar al ras para que rebroten con fuerza en primavera.<\/p>\n<p><strong>Acolcha las ra\u00edces<\/strong><\/p>\n<p>Si no lo has hecho en octubre, no dejes de colocar una capa de<em> mulching<\/em> para abrigar las ra\u00edces en jardines y tiestos. Utiliza corteza de pino, paja, incluso compost.<\/p>\n<p class=\"titulo_solapa\">\n<\/div>\n<div id=\"solapa_1\">\n<h2><img decoding=\"async\" src=\"https:\/\/www.mvgarden.com\/garden-center\/wp-content\/uploads\/2021\/07\/ico_agenda_3.gif\" width=\"68\" height=\"41\" border=\"0\" \/>Plantas de interior<\/h2>\n<p><strong>Planta los bulbos forzados<\/strong><\/p>\n<p>Si entierras ahora los bulbos forzados de <strong>amarilis<\/strong> y <strong>jacintos<\/strong>\u00a0tendr\u00e1s flores por Navidad. El tiesto debe ser solo un poquito mayor que el bulbo; enti\u00e9rralo dejando unos dos tercios al aire.<\/p>\n<p><strong>Humedad s\u00ed, pero poco riego<\/strong><\/p>\n<p>El aporte de agua debe disminuir, no as\u00ed la humedad ambiental: pulveriza el follaje a menudo con agua destilada para compensar el efecto de la calefacci\u00f3n. Escurre los platitos con guijarros<strong>\u00a0<\/strong>y el centro de las <strong>bromelias.<\/strong>\u00a0Acerca las plantas a las ventanas para que reciban m\u00e1s luz.<b><br \/>\n<\/b><\/p>\n<p><strong>Dales menos abono<\/strong><\/p>\n<p>Sigue abon\u00e1ndolas, aunque m\u00e1s espaciadamente o aplicando dosis m\u00e1s bajas.<\/p>\n<p><img decoding=\"async\" src=\"https:\/\/www.mvgarden.com\/garden-center\/wp-content\/uploads\/2021\/07\/ico_agenda_4.gif\" width=\"68\" height=\"41\" border=\"0\" \/>Huerto<\/p>\n<\/div>\n<\/div>\n<div id=\"linea\">\n<div>\n<p><strong>Mucho que cosechar<\/strong><\/p>\n<p>En el mes de Halloween, las calabazas est\u00e1n a punto, pero tambi\u00e9n muchas otras hortalizas de invierno: <strong>lombardas, coliflores, coles, coles de Bruselas, nabos, endivias, apios, puerros&#8230;<\/strong><\/p>\n<p><strong>Cultivos bien protegidos<\/strong><\/p>\n<p><strong>Campanas transparentes, t\u00faneles, mantas t\u00e9rmicas <\/strong>e<strong> invernaderos<\/strong> que se instalan sobre el terreno te ayudar\u00e1n a proteger algunos cultivos del fr\u00edo, la lluvia y las heladas, sobre todo los que est\u00e1n brotando, los planteles que acabas de repicar, o los que son poco resistentes al fr\u00edo, como las coliflores. Coles y lombardas, por el contrario resisten muy bien el rigor invernal.<\/p>\n<p><strong>Siembras de noviembre<\/strong><\/p>\n<p>Durante este mes puedes sembrar\u00a0directamente en el terreno\u00a0<strong>acelga, espinaca <\/strong>y<strong> zanahoria&#8230;\u00a0<\/strong>y repicar plantones de <strong>lechugas de invierno, nabos <\/strong>y<strong> puerros.<\/strong><\/p>\n<p>&nbsp;<\/p>\n<\/div>\n<\/div>\n<div>\n<div id=\"solapa_3\">\n<h2><img decoding=\"async\" src=\"https:\/\/www.mvgarden.com\/garden-center\/wp-content\/uploads\/2021\/07\/ico_agenda_5.gif\" width=\"68\" height=\"41\" border=\"0\" \/>Cesp\u00e9d<\/h2>\n<div id=\"solapa_4\">\n<p><strong>Un c\u00e9sped limpio de hojas secas<\/strong><\/p>\n<p>\u2022 Este mes, la pradera no necesita riegos, salvo que la lluvia sea escasa.<\/p>\n<p>\u2022 Tampoco conviene segarla.<\/p>\n<p>\u2022 Bastar\u00e1 con que rastrillees las hojas secas al menos una vez a la semana: la hojarasca en combinaci\u00f3n con la humedad producen un excelente caldo de cultivo para plagas y enfermedades. Aprovecha las hojas para el compostaje.<\/p>\n<p class=\"titulo_solapa\"><strong>La hierba, lista para afrontar el fr\u00edo<\/strong><\/p>\n<p>\u2022 Si no lo has hecho en septiembre este es un buen momento para pasar el escarificador: el agua, la luz y el aire penetrar\u00e1n con mayor facilidad hasta las ra\u00edces gracias a los agujeros que se abrir\u00e1n en la capa de hierba seca que se forma sobre la superficie; haz esta operaci\u00f3n con el c\u00e9sped reci\u00e9n segado. Aplica abono org\u00e1nico a continuaci\u00f3n y riega ligeramente.<\/p>\n<p>\u2022 Las lluvias de oto\u00f1o pueden propiciar la aparici\u00f3n de musgo, algas y l\u00edquenes sobre todo en las zonas m\u00e1s umbrosas de la pradera o donde la tierra est\u00e1 m\u00e1s compactada. El escarificado suele valer como m\u00e9todo preventivo. Si detectas su presencia, aplica el fitosanitario preciso (pregunta en tu centro de jardiner\u00eda); una vez seco, raspa la zona, escarif\u00edcala y resiembra aportando mantillo al mismo tiempo.<\/p>\n<p>\u2022 Despu\u00e9s del verano, el c\u00e9sped crece con mayor lentitud, de modo que ya no exigir\u00e1 siegas tan seguidas; deja la hierba un poco m\u00e1s alta.<\/p>\n<p>\u2022 Tambi\u00e9n puedes reducir la frecuencia de riego.<\/p>\n<p>\u2022 Mantenlo libre de hojas secas.<\/p>\n<\/div>\n<\/div>\n<\/div>\n<h2><span class=\"revista\">OTRAS TAREAS<\/span><\/h2>\n<p><strong>Cactus, a salvo de la lluvia<\/strong><\/p>\n<p>El exceso de agua no favorece a los cactus, que pueden sufrir pudrici\u00f3n. Si est\u00e1n expuestos a la lluvia, c\u00fabrelos, pero no dejes la protecci\u00f3n de forma permanente. Tampoco se han de regar si la temperatura baja de 10 grados. <a href=\"http:\/\/www.verdeesvida.es\/plantas_de_exterior_e_interior_2\/cactus:_a_falta_de_agua-_mucha_belleza_132\">Ver art\u00edculo<\/a>.<\/p>\n<p><strong>El jard\u00edn acu\u00e1tico y el fr\u00edo<\/strong><\/p>\n<p>\u2022 Si tienes un jard\u00edn acu\u00e1tico procura que no se llene de hojas secas (cubrirlo con una red resulta muy \u00fatil): extr\u00e1elas regularmente junto con la vegetaci\u00f3n muerta.<\/p>\n<p>\u2022 A medida que el tiempo se vaya haciendo m\u00e1s fr\u00edo deja de alimentar a los peces.<\/p>\n<p>\u2022 Quita y limpia las bombas y surtidores, y gu\u00e1rdalos a salvo de las heladas.<\/p>\n<p>\u2022 Retira las plantas flotantes m\u00e1s delicadas y ponlas a resguardo en cubos con agua.<\/p>\n<p>\u2022 Para impedir que la superficie del estanque se congele arroja una pelota de goma o un trozo de madera, que absorber\u00e1n el exceso de volumen.<\/p>\n<p><strong>\u00c1ticos y terrazas, protegidos del viento y las heladas<\/strong><\/p>\n<p>Los \u00e1ticos ajardinados y las terrazas est\u00e1n especialmente expuestos al viento y el fr\u00edo, de modo que tendr\u00e1s que tomar precauciones extra para proteger plantas y tiestos.<\/p>\n<p>\u2022 Si es factible, instala pantallas que atajen especialmente las r\u00e1fagas de los vientos del norte.<\/p>\n<p>\u2022 Cubre los ejemplares m\u00e1s delicados con fundas o mantos de hibernaci\u00f3n, ll\u00e9valos a un lugar resguardado, o col\u00f3calos contra una pared que mire al sur.<\/p>\n<p>\u2022 Acolcha con corteza de pino el sustrato.<\/p>\n<p>\u2022 Si no llueve, no dejes de regar las plantas, especialmente las que cultivas en tiestos o jardineras, de paso las proteger\u00e1s del efecto de las heladas.<\/p>\n<p>\u2022 Los contenedores y tiestos que pudieran resquebrajarse deben ser envueltos con arpillera o pl\u00e1stico de burbujas.<\/p>\n<p>&nbsp;<\/p>\n<\/div>\n<div>\n<div id=\"solapa_3\">\n<div id=\"solapa_4\">\n<p>Fuente: <em>Verde es vida . www.verdeesvida.es<\/em><\/p>\n<\/div>\n<\/div>\n<\/div>\n","protected":false},"excerpt":{"rendered":"<p>Consejos y\u00a0cuidados de la plantas, jard\u00edn y terraza Ventoso y fr\u00edo, noviembre es un mes que exige tomar precauciones, sobre todo con las especies m\u00e1s delicadas y las reci\u00e9n plantadas. La naturaleza est\u00e1 entrando en reposo, pero todav\u00eda hay mucho que hacer en el jard\u00edn, la terraza y el huerto. TAREAS GENERALES DEL MES \u2713 [&hellip;]<\/p>\n","protected":false},"author":2,"featured_media":4806,"comment_status":"closed","ping_status":"open","sticky":false,"template":"","format":"standard","meta":{"inline_featured_image":false,"footnotes":""},"categories":[34],"tags":[111,82,158],"class_list":["post-5805","post","type-post","status-publish","format-standard","has-post-thumbnail","hentry","category-plantas-y-flores","tag-cesped-del-jardin","tag-consejos-jardineria","tag-huerta"],"yoast_head":"<!-- This site is optimized with the Yoast SEO plugin v27.4 - https:\/\/yoast.com\/product\/yoast-seo-wordpress\/ -->\n<title>Agenda cuidados de la plantas, jard\u00edn y terraza en Noviembre - Mvgarden<\/title>\n<meta name=\"robots\" content=\"index, follow, max-snippet:-1, max-image-preview:large, max-video-preview:-1\" \/>\n<link rel=\"canonical\" href=\"https:\/\/www.mvgarden.com\/garden-center\/agenda-cuidados-la-plantas-jardin-terraza\/\" \/>\n<meta property=\"og:locale\" content=\"es_ES\" \/>\n<meta property=\"og:type\" content=\"article\" \/>\n<meta property=\"og:title\" content=\"Agenda cuidados de la plantas, jard\u00edn y terraza en Noviembre - Mvgarden\" \/>\n<meta property=\"og:description\" content=\"Consejos y\u00a0cuidados de la plantas, jard\u00edn y terraza Ventoso y fr\u00edo, noviembre es un mes que exige tomar precauciones, sobre todo con las especies m\u00e1s delicadas y las reci\u00e9n plantadas. La naturaleza est\u00e1 entrando en reposo, pero todav\u00eda hay mucho que hacer en el jard\u00edn, la terraza y el huerto. TAREAS GENERALES DEL MES \u2713 [&hellip;]\" \/>\n<meta property=\"og:url\" content=\"https:\/\/www.mvgarden.com\/garden-center\/agenda-cuidados-la-plantas-jardin-terraza\/\" \/>\n<meta property=\"og:site_name\" content=\"Mvgarden\" \/>\n<meta property=\"article:publisher\" content=\"https:\/\/www.facebook.com\/mvgarden.sopelana\/\" \/>\n<meta property=\"article:published_time\" content=\"2018-11-05T09:30:13+00:00\" \/>\n<meta property=\"article:modified_time\" content=\"2021-07-20T11:43:52+00:00\" \/>\n<meta property=\"og:image\" content=\"https:\/\/www.mvgarden.com\/garden-center\/wp-content\/uploads\/2017\/11\/cabecera.png\" \/>\n\t<meta property=\"og:image:width\" content=\"264\" \/>\n\t<meta property=\"og:image:height\" content=\"143\" \/>\n\t<meta property=\"og:image:type\" content=\"image\/png\" \/>\n<meta name=\"author\" content=\"oscarmv\" \/>\n<meta name=\"twitter:card\" content=\"summary_large_image\" \/>\n<meta name=\"twitter:label1\" content=\"Escrito por\" \/>\n\t<meta name=\"twitter:data1\" content=\"oscarmv\" \/>\n\t<meta name=\"twitter:label2\" content=\"Tiempo de lectura\" \/>\n\t<meta name=\"twitter:data2\" content=\"7 minutos\" \/>\n<script type=\"application\/ld+json\" class=\"yoast-schema-graph\">{\"@context\":\"https:\\\/\\\/schema.org\",\"@graph\":[{\"@type\":\"Article\",\"@id\":\"https:\\\/\\\/www.mvgarden.com\\\/garden-center\\\/agenda-cuidados-la-plantas-jardin-terraza\\\/#article\",\"isPartOf\":{\"@id\":\"https:\\\/\\\/www.mvgarden.com\\\/garden-center\\\/agenda-cuidados-la-plantas-jardin-terraza\\\/\"},\"author\":{\"name\":\"oscarmv\",\"@id\":\"https:\\\/\\\/www.mvgarden.com\\\/garden-center\\\/#\\\/schema\\\/person\\\/6cf644e40ad2a6e6cec5f4de3d1a77ba\"},\"headline\":\"Agenda cuidados de la plantas, jard\u00edn y terraza en Noviembre\",\"datePublished\":\"2018-11-05T09:30:13+00:00\",\"dateModified\":\"2021-07-20T11:43:52+00:00\",\"mainEntityOfPage\":{\"@id\":\"https:\\\/\\\/www.mvgarden.com\\\/garden-center\\\/agenda-cuidados-la-plantas-jardin-terraza\\\/\"},\"wordCount\":1452,\"publisher\":{\"@id\":\"https:\\\/\\\/www.mvgarden.com\\\/garden-center\\\/#organization\"},\"image\":{\"@id\":\"https:\\\/\\\/www.mvgarden.com\\\/garden-center\\\/agenda-cuidados-la-plantas-jardin-terraza\\\/#primaryimage\"},\"thumbnailUrl\":\"https:\\\/\\\/www.mvgarden.com\\\/garden-center\\\/wp-content\\\/uploads\\\/2017\\\/11\\\/cabecera.png\",\"keywords\":[\"C\u00e9sped del jard\u00edn\",\"Consejos jardiner\u00eda\",\"Huerta\"],\"articleSection\":[\"Plantas y flores\"],\"inLanguage\":\"es\"},{\"@type\":\"WebPage\",\"@id\":\"https:\\\/\\\/www.mvgarden.com\\\/garden-center\\\/agenda-cuidados-la-plantas-jardin-terraza\\\/\",\"url\":\"https:\\\/\\\/www.mvgarden.com\\\/garden-center\\\/agenda-cuidados-la-plantas-jardin-terraza\\\/\",\"name\":\"Agenda cuidados de la plantas, jard\u00edn y terraza en Noviembre - Mvgarden\",\"isPartOf\":{\"@id\":\"https:\\\/\\\/www.mvgarden.com\\\/garden-center\\\/#website\"},\"primaryImageOfPage\":{\"@id\":\"https:\\\/\\\/www.mvgarden.com\\\/garden-center\\\/agenda-cuidados-la-plantas-jardin-terraza\\\/#primaryimage\"},\"image\":{\"@id\":\"https:\\\/\\\/www.mvgarden.com\\\/garden-center\\\/agenda-cuidados-la-plantas-jardin-terraza\\\/#primaryimage\"},\"thumbnailUrl\":\"https:\\\/\\\/www.mvgarden.com\\\/garden-center\\\/wp-content\\\/uploads\\\/2017\\\/11\\\/cabecera.png\",\"datePublished\":\"2018-11-05T09:30:13+00:00\",\"dateModified\":\"2021-07-20T11:43:52+00:00\",\"breadcrumb\":{\"@id\":\"https:\\\/\\\/www.mvgarden.com\\\/garden-center\\\/agenda-cuidados-la-plantas-jardin-terraza\\\/#breadcrumb\"},\"inLanguage\":\"es\",\"potentialAction\":[{\"@type\":\"ReadAction\",\"target\":[\"https:\\\/\\\/www.mvgarden.com\\\/garden-center\\\/agenda-cuidados-la-plantas-jardin-terraza\\\/\"]}]},{\"@type\":\"ImageObject\",\"inLanguage\":\"es\",\"@id\":\"https:\\\/\\\/www.mvgarden.com\\\/garden-center\\\/agenda-cuidados-la-plantas-jardin-terraza\\\/#primaryimage\",\"url\":\"https:\\\/\\\/www.mvgarden.com\\\/garden-center\\\/wp-content\\\/uploads\\\/2017\\\/11\\\/cabecera.png\",\"contentUrl\":\"https:\\\/\\\/www.mvgarden.com\\\/garden-center\\\/wp-content\\\/uploads\\\/2017\\\/11\\\/cabecera.png\",\"width\":264,\"height\":143},{\"@type\":\"BreadcrumbList\",\"@id\":\"https:\\\/\\\/www.mvgarden.com\\\/garden-center\\\/agenda-cuidados-la-plantas-jardin-terraza\\\/#breadcrumb\",\"itemListElement\":[{\"@type\":\"ListItem\",\"position\":1,\"name\":\"Portada\",\"item\":\"https:\\\/\\\/www.mvgarden.com\\\/garden-center\\\/\"},{\"@type\":\"ListItem\",\"position\":2,\"name\":\"Agenda cuidados de la plantas, jard\u00edn y terraza en Noviembre\"}]},{\"@type\":\"WebSite\",\"@id\":\"https:\\\/\\\/www.mvgarden.com\\\/garden-center\\\/#website\",\"url\":\"https:\\\/\\\/www.mvgarden.com\\\/garden-center\\\/\",\"name\":\"Garden Center\",\"description\":\"Garden center Sopela\",\"publisher\":{\"@id\":\"https:\\\/\\\/www.mvgarden.com\\\/garden-center\\\/#organization\"},\"potentialAction\":[{\"@type\":\"SearchAction\",\"target\":{\"@type\":\"EntryPoint\",\"urlTemplate\":\"https:\\\/\\\/www.mvgarden.com\\\/garden-center\\\/?s={search_term_string}\"},\"query-input\":{\"@type\":\"PropertyValueSpecification\",\"valueRequired\":true,\"valueName\":\"search_term_string\"}}],\"inLanguage\":\"es\"},{\"@type\":\"Organization\",\"@id\":\"https:\\\/\\\/www.mvgarden.com\\\/garden-center\\\/#organization\",\"name\":\"Garden Center\",\"url\":\"https:\\\/\\\/www.mvgarden.com\\\/garden-center\\\/\",\"logo\":{\"@type\":\"ImageObject\",\"inLanguage\":\"es\",\"@id\":\"https:\\\/\\\/www.mvgarden.com\\\/garden-center\\\/#\\\/schema\\\/logo\\\/image\\\/\",\"url\":\"https:\\\/\\\/www.mvgarden.com\\\/garden-center\\\/wp-content\\\/uploads\\\/2024\\\/05\\\/logo_mv_form.png\",\"contentUrl\":\"https:\\\/\\\/www.mvgarden.com\\\/garden-center\\\/wp-content\\\/uploads\\\/2024\\\/05\\\/logo_mv_form.png\",\"width\":127,\"height\":97,\"caption\":\"Garden Center\"},\"image\":{\"@id\":\"https:\\\/\\\/www.mvgarden.com\\\/garden-center\\\/#\\\/schema\\\/logo\\\/image\\\/\"},\"sameAs\":[\"https:\\\/\\\/www.facebook.com\\\/mvgarden.sopelana\\\/\",\"https:\\\/\\\/www.instagram.com\\\/gardencentersopela\"]},{\"@type\":\"Person\",\"@id\":\"https:\\\/\\\/www.mvgarden.com\\\/garden-center\\\/#\\\/schema\\\/person\\\/6cf644e40ad2a6e6cec5f4de3d1a77ba\",\"name\":\"oscarmv\",\"url\":\"https:\\\/\\\/www.mvgarden.com\\\/garden-center\\\/author\\\/oscarmv\\\/\"}]}<\/script>\n<!-- \/ Yoast SEO plugin. -->","yoast_head_json":{"title":"Agenda cuidados de la plantas, jard\u00edn y terraza en Noviembre - Mvgarden","robots":{"index":"index","follow":"follow","max-snippet":"max-snippet:-1","max-image-preview":"max-image-preview:large","max-video-preview":"max-video-preview:-1"},"canonical":"https:\/\/www.mvgarden.com\/garden-center\/agenda-cuidados-la-plantas-jardin-terraza\/","og_locale":"es_ES","og_type":"article","og_title":"Agenda cuidados de la plantas, jard\u00edn y terraza en Noviembre - Mvgarden","og_description":"Consejos y\u00a0cuidados de la plantas, jard\u00edn y terraza Ventoso y fr\u00edo, noviembre es un mes que exige tomar precauciones, sobre todo con las especies m\u00e1s delicadas y las reci\u00e9n plantadas. La naturaleza est\u00e1 entrando en reposo, pero todav\u00eda hay mucho que hacer en el jard\u00edn, la terraza y el huerto. TAREAS GENERALES DEL MES \u2713 [&hellip;]","og_url":"https:\/\/www.mvgarden.com\/garden-center\/agenda-cuidados-la-plantas-jardin-terraza\/","og_site_name":"Mvgarden","article_publisher":"https:\/\/www.facebook.com\/mvgarden.sopelana\/","article_published_time":"2018-11-05T09:30:13+00:00","article_modified_time":"2021-07-20T11:43:52+00:00","og_image":[{"width":264,"height":143,"url":"https:\/\/www.mvgarden.com\/garden-center\/wp-content\/uploads\/2017\/11\/cabecera.png","type":"image\/png"}],"author":"oscarmv","twitter_card":"summary_large_image","twitter_misc":{"Escrito por":"oscarmv","Tiempo de lectura":"7 minutos"},"schema":{"@context":"https:\/\/schema.org","@graph":[{"@type":"Article","@id":"https:\/\/www.mvgarden.com\/garden-center\/agenda-cuidados-la-plantas-jardin-terraza\/#article","isPartOf":{"@id":"https:\/\/www.mvgarden.com\/garden-center\/agenda-cuidados-la-plantas-jardin-terraza\/"},"author":{"name":"oscarmv","@id":"https:\/\/www.mvgarden.com\/garden-center\/#\/schema\/person\/6cf644e40ad2a6e6cec5f4de3d1a77ba"},"headline":"Agenda cuidados de la plantas, jard\u00edn y terraza en Noviembre","datePublished":"2018-11-05T09:30:13+00:00","dateModified":"2021-07-20T11:43:52+00:00","mainEntityOfPage":{"@id":"https:\/\/www.mvgarden.com\/garden-center\/agenda-cuidados-la-plantas-jardin-terraza\/"},"wordCount":1452,"publisher":{"@id":"https:\/\/www.mvgarden.com\/garden-center\/#organization"},"image":{"@id":"https:\/\/www.mvgarden.com\/garden-center\/agenda-cuidados-la-plantas-jardin-terraza\/#primaryimage"},"thumbnailUrl":"https:\/\/www.mvgarden.com\/garden-center\/wp-content\/uploads\/2017\/11\/cabecera.png","keywords":["C\u00e9sped del jard\u00edn","Consejos jardiner\u00eda","Huerta"],"articleSection":["Plantas y flores"],"inLanguage":"es"},{"@type":"WebPage","@id":"https:\/\/www.mvgarden.com\/garden-center\/agenda-cuidados-la-plantas-jardin-terraza\/","url":"https:\/\/www.mvgarden.com\/garden-center\/agenda-cuidados-la-plantas-jardin-terraza\/","name":"Agenda cuidados de la plantas, jard\u00edn y terraza en Noviembre - Mvgarden","isPartOf":{"@id":"https:\/\/www.mvgarden.com\/garden-center\/#website"},"primaryImageOfPage":{"@id":"https:\/\/www.mvgarden.com\/garden-center\/agenda-cuidados-la-plantas-jardin-terraza\/#primaryimage"},"image":{"@id":"https:\/\/www.mvgarden.com\/garden-center\/agenda-cuidados-la-plantas-jardin-terraza\/#primaryimage"},"thumbnailUrl":"https:\/\/www.mvgarden.com\/garden-center\/wp-content\/uploads\/2017\/11\/cabecera.png","datePublished":"2018-11-05T09:30:13+00:00","dateModified":"2021-07-20T11:43:52+00:00","breadcrumb":{"@id":"https:\/\/www.mvgarden.com\/garden-center\/agenda-cuidados-la-plantas-jardin-terraza\/#breadcrumb"},"inLanguage":"es","potentialAction":[{"@type":"ReadAction","target":["https:\/\/www.mvgarden.com\/garden-center\/agenda-cuidados-la-plantas-jardin-terraza\/"]}]},{"@type":"ImageObject","inLanguage":"es","@id":"https:\/\/www.mvgarden.com\/garden-center\/agenda-cuidados-la-plantas-jardin-terraza\/#primaryimage","url":"https:\/\/www.mvgarden.com\/garden-center\/wp-content\/uploads\/2017\/11\/cabecera.png","contentUrl":"https:\/\/www.mvgarden.com\/garden-center\/wp-content\/uploads\/2017\/11\/cabecera.png","width":264,"height":143},{"@type":"BreadcrumbList","@id":"https:\/\/www.mvgarden.com\/garden-center\/agenda-cuidados-la-plantas-jardin-terraza\/#breadcrumb","itemListElement":[{"@type":"ListItem","position":1,"name":"Portada","item":"https:\/\/www.mvgarden.com\/garden-center\/"},{"@type":"ListItem","position":2,"name":"Agenda cuidados de la plantas, jard\u00edn y terraza en Noviembre"}]},{"@type":"WebSite","@id":"https:\/\/www.mvgarden.com\/garden-center\/#website","url":"https:\/\/www.mvgarden.com\/garden-center\/","name":"Garden Center","description":"Garden center Sopela","publisher":{"@id":"https:\/\/www.mvgarden.com\/garden-center\/#organization"},"potentialAction":[{"@type":"SearchAction","target":{"@type":"EntryPoint","urlTemplate":"https:\/\/www.mvgarden.com\/garden-center\/?s={search_term_string}"},"query-input":{"@type":"PropertyValueSpecification","valueRequired":true,"valueName":"search_term_string"}}],"inLanguage":"es"},{"@type":"Organization","@id":"https:\/\/www.mvgarden.com\/garden-center\/#organization","name":"Garden Center","url":"https:\/\/www.mvgarden.com\/garden-center\/","logo":{"@type":"ImageObject","inLanguage":"es","@id":"https:\/\/www.mvgarden.com\/garden-center\/#\/schema\/logo\/image\/","url":"https:\/\/www.mvgarden.com\/garden-center\/wp-content\/uploads\/2024\/05\/logo_mv_form.png","contentUrl":"https:\/\/www.mvgarden.com\/garden-center\/wp-content\/uploads\/2024\/05\/logo_mv_form.png","width":127,"height":97,"caption":"Garden Center"},"image":{"@id":"https:\/\/www.mvgarden.com\/garden-center\/#\/schema\/logo\/image\/"},"sameAs":["https:\/\/www.facebook.com\/mvgarden.sopelana\/","https:\/\/www.instagram.com\/gardencentersopela"]},{"@type":"Person","@id":"https:\/\/www.mvgarden.com\/garden-center\/#\/schema\/person\/6cf644e40ad2a6e6cec5f4de3d1a77ba","name":"oscarmv","url":"https:\/\/www.mvgarden.com\/garden-center\/author\/oscarmv\/"}]}},"_links":{"self":[{"href":"https:\/\/www.mvgarden.com\/garden-center\/wp-json\/wp\/v2\/posts\/5805","targetHints":{"allow":["GET"]}}],"collection":[{"href":"https:\/\/www.mvgarden.com\/garden-center\/wp-json\/wp\/v2\/posts"}],"about":[{"href":"https:\/\/www.mvgarden.com\/garden-center\/wp-json\/wp\/v2\/types\/post"}],"author":[{"embeddable":true,"href":"https:\/\/www.mvgarden.com\/garden-center\/wp-json\/wp\/v2\/users\/2"}],"replies":[{"embeddable":true,"href":"https:\/\/www.mvgarden.com\/garden-center\/wp-json\/wp\/v2\/comments?post=5805"}],"version-history":[{"count":2,"href":"https:\/\/www.mvgarden.com\/garden-center\/wp-json\/wp\/v2\/posts\/5805\/revisions"}],"predecessor-version":[{"id":8203,"href":"https:\/\/www.mvgarden.com\/garden-center\/wp-json\/wp\/v2\/posts\/5805\/revisions\/8203"}],"wp:featuredmedia":[{"embeddable":true,"href":"https:\/\/www.mvgarden.com\/garden-center\/wp-json\/wp\/v2\/media\/4806"}],"wp:attachment":[{"href":"https:\/\/www.mvgarden.com\/garden-center\/wp-json\/wp\/v2\/media?parent=5805"}],"wp:term":[{"taxonomy":"category","embeddable":true,"href":"https:\/\/www.mvgarden.com\/garden-center\/wp-json\/wp\/v2\/categories?post=5805"},{"taxonomy":"post_tag","embeddable":true,"href":"https:\/\/www.mvgarden.com\/garden-center\/wp-json\/wp\/v2\/tags?post=5805"}],"curies":[{"name":"wp","href":"https:\/\/api.w.org\/{rel}","templated":true}]}}