{"id":5812,"date":"2018-12-04T13:01:50","date_gmt":"2018-12-04T13:01:50","guid":{"rendered":"https:\/\/www.mvgarden.com\/garden-center\/sin-categoria\/agenda-cuidados-del-jardin-terraza-y-huerta-diciembre\/"},"modified":"2021-07-20T10:20:44","modified_gmt":"2021-07-20T10:20:44","slug":"agenda-cuidados-del-jardin-terraza-y-huerta-diciembre","status":"publish","type":"post","link":"https:\/\/www.mvgarden.com\/garden-center\/agenda-cuidados-del-jardin-terraza-y-huerta-diciembre\/","title":{"rendered":"Agenda cuidados del jard\u00edn, terraza y huerta diciembre"},"content":{"rendered":"<div id=\"navegacion\">\u00a0Consejos y cuidados del jard\u00edn, terraza y huerta<\/div>\n<div id=\"contenido_reportaje\">\n<p class=\"entradilla_agenda\">Va a comenzar el invierno y la mayor\u00eda de las plantas ya han entrado en reposo. Sin embargo, la explosi\u00f3n de color de brezos, cicl\u00e1menes y poinsettias compensan el fr\u00edo ambiental. No hay que bajar la guardia con las heladas, el viento y la nieve: un descuido puede resultar letal.<\/p>\n<p><span class=\"revista\">TAREAS GENERALES DEL MES<\/span><\/p>\n<div id=\"linea\">\n<div id=\"texto_agenda\">\n<p>Aunque la naturaleza descansa y las tareas en el jard\u00edn, la terraza y el huerto se han reducido, siempre hay algo que hacer con las plantas.<\/p>\n<p><strong>\u00a0<\/strong><strong>\u2713 Plantar.<\/strong> Sigue siendo buena \u00e9poca para plantar \u00e1rboles y arbustos caducifolios, sobre todo si es a ra\u00edz desnuda, pero siempre y cuando la tierra no est\u00e9 helada o empapada. Tambi\u00e9n puedes plantar plantas de flor de temporada (p\u00e1sate por tu centro de jardiner\u00eda).<\/p>\n<p><strong>\u00a0<\/strong><strong>\u2713 Podar.<\/strong>\u00a0Si se trata de arbustos, en invierno no se deben podar a fondo, si acaso limpiar de ramillas muertas, da\u00f1adas o malformadas. Espera a marzo para recortar los de floraci\u00f3n estival.<\/p>\n<p>\u2022 Si se trata de frutales o \u00e1rboles ornamentales que necesiten poda hazlo ya para que no pierdan savia, excepto si van a dar flor en febrero.<\/p>\n<p>\u2022 Recorta las vivaces que ya han concluido su periodo de floraci\u00f3n, como los crisantemos y \u00e1steres.<\/p>\n<p><strong>\u2713 Regar.<\/strong>\u00a0Mantener h\u00famedo el terreno evita que se compacte y contrarresta el efecto de las heladas, ya que aumenta la inercia t\u00e9rmica. Esto es especialmente importante para las plantas en tiesto. Riega en las horas centrales del d\u00eda.<\/p>\n<p><strong>\u00a0<\/strong><strong>\u2713 Mullir y acolchar el terreno.<\/strong>\u00a0El fr\u00edo provoca el endurecimiento del sustrato: m\u00fallelo con la ayuda de una azada o azadilla y ac\u00f3lchalo con corteza de pino para evitar que se compacte.<\/p>\n<p><strong>\u2713 Protecciones. <\/strong>Vigila que las fundas, mantas de hibernaci\u00f3n, pantallas cortavientos y dem\u00e1s protecciones contra el viento y el fr\u00edo cumplen bien su funci\u00f3n. Ventila los invernaderos, t\u00faneles y campanas los d\u00edas de sol.<\/p>\n<\/div>\n<div id=\"linea\">\n<div id=\"linea\">\n<h2><img decoding=\"async\" src=\"https:\/\/www.mvgarden.com\/garden-center\/wp-content\/uploads\/2021\/07\/ico_agenda_1.gif\" width=\"68\" height=\"41\" border=\"0\" \/>\u00c1rboles, arbustos y trepadoras<\/h2>\n<div id=\"solapa\">\n<p><strong>Poda los rosales de pie bajo<\/strong><\/p>\n<p>Ahora que se empiezan a ver las yemas de los rosales de pie bajo, h\u00edbridos de t\u00e9, floribunda y patio, debes realizar la poda m\u00e1s importante del a\u00f1o. De ella depender\u00e1 la floraci\u00f3n principal de primavera y la forma de la planta. Aprovecha para eliminar las ramas muertas, d\u00e9biles o mal orientadas que saturan el interior del rosal. No compostes estos restos de poda.<\/p>\n<p>\u2022 Utiliza una tijera bien afilada, ajustada y limpia. El corte ha de ser oblicuo y neto, a unos tres mil\u00edmetros por encima de una yema orientada hacia afuera. Es importante que no se astille la rama.<\/p>\n<p>\u2022 Esparce abono completo o especial para rosales y entrecava ligeramente.<\/p>\n<p>\u2022 Riega copiosamente y protege el cuello con\u00a0<em>mulching.<\/em><b><br \/>\n<\/b><\/p>\n<p><strong>Guerra a la procesionaria<\/strong><\/p>\n<p>Esta es la mejor \u00e9poca del a\u00f1o para atacar los nidos de la oruga procesionaria, que se ven en las ramas altas de pinos, abetos y cedros. De ellos salen las orugas al final del invierno para alimentarse de las ac\u00edculas. Existen varios m\u00e9todos controlarla; pide consejo en tu centro de jardiner\u00eda.<\/p>\n<p><strong>Quita la nieve y el hielo de las ramas<\/strong><\/p>\n<p>\u2022 No dejes que se acumule mucha nieve sobre los \u00e1rboles, arbustos, setos y trepadoras del jard\u00edn. El exceso de peso podr\u00eda quebrar las ramas de algunos ejemplares.\u00a0Con la ayuda de una p\u00e9rtiga o una vara mueve las ramas para que la nieve caiga. Riega ligeramente el suelo para hacerla desaparecer.<\/p>\n<p>\u2022 Si tus \u00e1rboles y arbustos est\u00e1n cubiertos de hielo puedes intentar librarlos de \u00e9l golpeando ligeramente el extremo de las ramas con una vara larga o una escoba hasta que la costra se rompa y caiga. Evita colocarte debajo del ejemplar. No intentes eliminar el hielo con agua; podr\u00eda congelarse sobre la capa anterior y empeorar el problema.<\/p>\n<\/div>\n<h2><img decoding=\"async\" src=\"https:\/\/www.mvgarden.com\/garden-center\/wp-content\/uploads\/2021\/07\/ico_agenda_2.gif\" width=\"68\" height=\"41\" border=\"0\" \/>Plantas de flor<\/h2>\n<div id=\"solapa_1\">\n<p><strong>Las flores que desaf\u00edan al fr\u00edo<\/strong><\/p>\n<p>Muchas plantas de temporada florecen en pleno invierno, prueba de ello son los resistentes<strong>pensamientos, <\/strong>capaces de soportar sin da\u00f1os las nevadas y el fr\u00edo. Vivaces perennes como los<strong>el\u00e9boros,<\/strong> o rosas de Navidad (ideales para climas h\u00famedos),\u00a0<strong>alhel\u00edes,<\/strong> <em><strong>Bellis perennis, <\/strong><\/em>o margaritas de los prados, <strong>violetas, cicl\u00e1menes, cal\u00e9ndulas,<\/strong> y le\u00f1osas como los<strong> brezos<\/strong> <strong>\u00a0<\/strong>son las otras estrellas de la estaci\u00f3n.<\/p>\n<p>\u2022 Si quieres que florezcan m\u00e1s tiempo ap\u00f3rtales un<strong> abono rico en f\u00f3sforo y potasio.<\/strong><\/p>\n<p>\u2022 Mant\u00e9n el suelo h\u00famedo, especialmente si est\u00e1n en tiestos, para defenderlas del efecto de las heladas. Ri\u00e9galas al mediod\u00eda.<\/p>\n<p class=\"titulo_solapa\">\n<\/div>\n<div id=\"solapa_1\">\n<h2><img decoding=\"async\" src=\"https:\/\/www.mvgarden.com\/garden-center\/wp-content\/uploads\/2021\/07\/ico_agenda_3.gif\" width=\"68\" height=\"41\" border=\"0\" \/>Plantas de interior<\/h2>\n<p><strong>El riego de las que est\u00e1n dando flor<\/strong><\/p>\n<p><strong>\u2022 <\/strong>\u00a0En el caso de las <strong>azaleas <\/strong>no debes descuidarte; sus finas ra\u00edces son tan sensibles a la falta de agua como al exceso. Ri\u00e9galas por inmersi\u00f3n, mejor si es con agua de lluvia o reposada; unos 5-10 minutos bastan. Vigila que el sustrato siempre est\u00e9 moderadamente h\u00famedo, pero no encharcado.<\/p>\n<p>\u2022 Tambi\u00e9n conviene regar por inmersi\u00f3n el <strong>ciclamen <\/strong>, la<strong> poinsettia,<\/strong>\u00a0la<strong>saintpaulia <\/strong>y las orqu\u00eddeas<strong> <em>Phalaenopsis<\/em> <\/strong>y<strong> <em>Cymbidium<\/em><\/strong>.\u00a0Pero evita el encharcamiento, que puede provocar la asfixia de las ra\u00edces y la aparici\u00f3n de hongos de pudrici\u00f3n. Al\u00e9jalos del calor y la sequedad que produce la calefacci\u00f3n, y mant\u00e9nlos en un lugar luminoso y fresco (no fr\u00edo), y fuera de las corrientes de aire. Elimina las flores marchitas para que la floraci\u00f3n se prolongue.<\/p>\n<p><strong>El riego de las plantas verdes<\/strong><\/p>\n<p>\u2022 Excepto los <strong>helechos,<\/strong> que siempre necesitan un sustrato h\u00famedo, el resto de las plantas de interior solo exigen ahora humedad ambiental y riego ocasional. Otras, como la<strong> pachira<\/strong>\u00a0, la <strong>zamioculca<\/strong> \u00a0y las<strong> sansevierias<\/strong> <strong>\u00a0<\/strong>no deben regarse en absoluto. No obstante, es necesario mantener la humedad ambiental pulverizando el follaje.<\/p>\n<p>&nbsp;<\/p>\n<h2><img decoding=\"async\" src=\"https:\/\/www.mvgarden.com\/garden-center\/wp-content\/uploads\/2021\/07\/ico_agenda_4.gif\" width=\"68\" height=\"41\" border=\"0\" \/>Huerto<\/h2>\n<p><strong>Siembras y cosechas de invierno<\/strong><\/p>\n<p>Diciembre sigue siendo un buen mes para sembrar <strong>espinacas, acelgas<\/strong> y <strong>habas, <\/strong>cuyos plantones podr\u00e1s repicar en enero.\u00a0Si la zona es de inviernos poco fr\u00edos, a partir de diciembre se pueden plantar tambi\u00e9n <strong>patatas tempranas<\/strong> o <strong>semitemprana<\/strong><strong>s.<\/strong>\u00a0Y sigue habiendo en el huerto <strong>repollos, lombardas, coliflores<\/strong> y <strong>br\u00e9col <\/strong>para cosechar.<\/p>\n<p><strong>Hora de plantar ajos<\/strong><\/p>\n<p>Las bajas temperaturas hacen de diciembre un mes ideal para plantar ajos. Escoge dientes sanos y enti\u00e9rralos con la piel, dejando la punta hacia arriba, a unos cuatro o cinco cent\u00edmetros de profundidad. El sustrato ha de ser ligero y rico. Podr\u00e1s recoger las nuevas cabezas el pr\u00f3ximo verano.<\/p>\n<\/div>\n<\/div>\n<div id=\"linea\"><\/div>\n<div>\n<div id=\"solapa_3\">\n<h2><img decoding=\"async\" src=\"https:\/\/www.mvgarden.com\/garden-center\/wp-content\/uploads\/2021\/07\/ico_agenda_5.gif\" width=\"68\" height=\"41\" border=\"0\" \/>Cesp\u00e9d<\/h2>\n<p><strong>Cuidados de invierno<\/strong><\/p>\n<p>\u2022 Si la pradera se escarcha, dale un riego ligero para que no se queme la hierba por efecto del fr\u00edo.<\/p>\n<p>\u2022 Si el c\u00e9sped est\u00e1 muy mojado evita el pisoteo, que puede estropearlo con mucha facilidad. Impide que se formen zonas de charcos permanentes para evitar la aparici\u00f3n de musgo, algas o l\u00edquenes.<\/p>\n<p>\u2022 Si la hierba est\u00e1 un poco alta, mejor, porque estar\u00e1 m\u00e1s protegida.<\/p>\n<div id=\"solapa_4\"><\/div>\n<\/div>\n<\/div>\n<h2><span class=\"revista\">OTRAS TAREAS<\/span><\/h2>\n<p>La <strong>poinsettia o flor de Pascua<\/strong> <em>(Euphorbia pulcherrima) <\/em>es una planta originaria de M\u00e9xico, de modo que no resiste el fr\u00edo (aunque en algunas ciudades, como Madrid, se la vea plantada en las calles). Para que no pierda las hojas necesita un sustrato h\u00famedo, pero no empapado, y una posici\u00f3n en un lugar luminoso y alejado de la calefecci\u00f3n. Ri\u00e9gala por inmersi\u00f3n un par de veces a la semana.<\/p>\n<p><strong>\u00bfQu\u00e9 hacer con los crisantemos?<\/strong><\/p>\n<p>A lo largo de diciembre y enero,\u00a0<strong>crisantemos<\/strong>, <strong>\u00e1steres<\/strong><strong>,<\/strong><strong> dimorphotecas<\/strong>\u00a0y otras herb\u00e1ceas perennes que han dado flor en oto\u00f1o van dejando de florecer. Cuando se agoten puedes tratarlas como anuales y desecharlas, o podarlas para que vuelvan a brotar en primavera y reinicien su ciclo.<\/p>\n<p>&nbsp;<\/p>\n<\/div>\n<div>\n<div id=\"solapa_3\">\n<div id=\"solapa_4\">\n<p>Fuente: <em>Verde es vida . www.verdeesvida.es<\/em><\/p>\n<\/div>\n<\/div>\n<\/div>\n<\/div>\n<\/div>\n","protected":false},"excerpt":{"rendered":"<p>\u00a0Consejos y cuidados del jard\u00edn, terraza y huerta Va a comenzar el invierno y la mayor\u00eda de las plantas ya han entrado en reposo. Sin embargo, la explosi\u00f3n de color de brezos, cicl\u00e1menes y poinsettias compensan el fr\u00edo ambiental. No hay que bajar la guardia con las heladas, el viento y la nieve: un descuido [&hellip;]<\/p>\n","protected":false},"author":2,"featured_media":4810,"comment_status":"closed","ping_status":"open","sticky":false,"template":"","format":"standard","meta":{"inline_featured_image":false,"footnotes":""},"categories":[34],"tags":[111,82,87,158],"class_list":["post-5812","post","type-post","status-publish","format-standard","has-post-thumbnail","hentry","category-plantas-y-flores","tag-cesped-del-jardin","tag-consejos-jardineria","tag-cuidados-de-las-plantas","tag-huerta"],"yoast_head":"<!-- This site is optimized with the Yoast SEO plugin v27.4 - https:\/\/yoast.com\/product\/yoast-seo-wordpress\/ -->\n<title>Agenda cuidados del jard\u00edn, terraza y huerta diciembre - Mvgarden<\/title>\n<meta name=\"robots\" content=\"index, follow, max-snippet:-1, max-image-preview:large, max-video-preview:-1\" \/>\n<link rel=\"canonical\" href=\"https:\/\/www.mvgarden.com\/garden-center\/agenda-cuidados-del-jardin-terraza-y-huerta-diciembre\/\" \/>\n<meta property=\"og:locale\" content=\"es_ES\" \/>\n<meta property=\"og:type\" content=\"article\" \/>\n<meta property=\"og:title\" content=\"Agenda cuidados del jard\u00edn, terraza y huerta diciembre - Mvgarden\" \/>\n<meta property=\"og:description\" content=\"\u00a0Consejos y cuidados del jard\u00edn, terraza y huerta Va a comenzar el invierno y la mayor\u00eda de las plantas ya han entrado en reposo. Sin embargo, la explosi\u00f3n de color de brezos, cicl\u00e1menes y poinsettias compensan el fr\u00edo ambiental. No hay que bajar la guardia con las heladas, el viento y la nieve: un descuido [&hellip;]\" \/>\n<meta property=\"og:url\" content=\"https:\/\/www.mvgarden.com\/garden-center\/agenda-cuidados-del-jardin-terraza-y-huerta-diciembre\/\" \/>\n<meta property=\"og:site_name\" content=\"Mvgarden\" \/>\n<meta property=\"article:publisher\" content=\"https:\/\/www.facebook.com\/mvgarden.sopelana\/\" \/>\n<meta property=\"article:published_time\" content=\"2018-12-04T13:01:50+00:00\" \/>\n<meta property=\"article:modified_time\" content=\"2021-07-20T10:20:44+00:00\" \/>\n<meta property=\"og:image\" content=\"https:\/\/www.mvgarden.com\/garden-center\/wp-content\/uploads\/2017\/12\/poinsettia-suspension-01.jpg\" \/>\n\t<meta property=\"og:image:width\" content=\"570\" \/>\n\t<meta property=\"og:image:height\" content=\"427\" \/>\n\t<meta property=\"og:image:type\" content=\"image\/jpeg\" \/>\n<meta name=\"author\" content=\"oscarmv\" \/>\n<meta name=\"twitter:card\" content=\"summary_large_image\" \/>\n<meta name=\"twitter:label1\" content=\"Escrito por\" \/>\n\t<meta name=\"twitter:data1\" content=\"oscarmv\" \/>\n\t<meta name=\"twitter:label2\" content=\"Tiempo de lectura\" \/>\n\t<meta name=\"twitter:data2\" content=\"7 minutos\" \/>\n<script type=\"application\/ld+json\" class=\"yoast-schema-graph\">{\"@context\":\"https:\\\/\\\/schema.org\",\"@graph\":[{\"@type\":\"Article\",\"@id\":\"https:\\\/\\\/www.mvgarden.com\\\/garden-center\\\/agenda-cuidados-del-jardin-terraza-y-huerta-diciembre\\\/#article\",\"isPartOf\":{\"@id\":\"https:\\\/\\\/www.mvgarden.com\\\/garden-center\\\/agenda-cuidados-del-jardin-terraza-y-huerta-diciembre\\\/\"},\"author\":{\"name\":\"oscarmv\",\"@id\":\"https:\\\/\\\/www.mvgarden.com\\\/garden-center\\\/#\\\/schema\\\/person\\\/6cf644e40ad2a6e6cec5f4de3d1a77ba\"},\"headline\":\"Agenda cuidados del jard\u00edn, terraza y huerta diciembre\",\"datePublished\":\"2018-12-04T13:01:50+00:00\",\"dateModified\":\"2021-07-20T10:20:44+00:00\",\"mainEntityOfPage\":{\"@id\":\"https:\\\/\\\/www.mvgarden.com\\\/garden-center\\\/agenda-cuidados-del-jardin-terraza-y-huerta-diciembre\\\/\"},\"wordCount\":1317,\"publisher\":{\"@id\":\"https:\\\/\\\/www.mvgarden.com\\\/garden-center\\\/#organization\"},\"image\":{\"@id\":\"https:\\\/\\\/www.mvgarden.com\\\/garden-center\\\/agenda-cuidados-del-jardin-terraza-y-huerta-diciembre\\\/#primaryimage\"},\"thumbnailUrl\":\"https:\\\/\\\/www.mvgarden.com\\\/garden-center\\\/wp-content\\\/uploads\\\/2017\\\/12\\\/poinsettia-suspension-01.jpg\",\"keywords\":[\"C\u00e9sped del jard\u00edn\",\"Consejos jardiner\u00eda\",\"Cuidados de las plantas\",\"Huerta\"],\"articleSection\":[\"Plantas y flores\"],\"inLanguage\":\"es\"},{\"@type\":\"WebPage\",\"@id\":\"https:\\\/\\\/www.mvgarden.com\\\/garden-center\\\/agenda-cuidados-del-jardin-terraza-y-huerta-diciembre\\\/\",\"url\":\"https:\\\/\\\/www.mvgarden.com\\\/garden-center\\\/agenda-cuidados-del-jardin-terraza-y-huerta-diciembre\\\/\",\"name\":\"Agenda cuidados del jard\u00edn, terraza y huerta diciembre - Mvgarden\",\"isPartOf\":{\"@id\":\"https:\\\/\\\/www.mvgarden.com\\\/garden-center\\\/#website\"},\"primaryImageOfPage\":{\"@id\":\"https:\\\/\\\/www.mvgarden.com\\\/garden-center\\\/agenda-cuidados-del-jardin-terraza-y-huerta-diciembre\\\/#primaryimage\"},\"image\":{\"@id\":\"https:\\\/\\\/www.mvgarden.com\\\/garden-center\\\/agenda-cuidados-del-jardin-terraza-y-huerta-diciembre\\\/#primaryimage\"},\"thumbnailUrl\":\"https:\\\/\\\/www.mvgarden.com\\\/garden-center\\\/wp-content\\\/uploads\\\/2017\\\/12\\\/poinsettia-suspension-01.jpg\",\"datePublished\":\"2018-12-04T13:01:50+00:00\",\"dateModified\":\"2021-07-20T10:20:44+00:00\",\"breadcrumb\":{\"@id\":\"https:\\\/\\\/www.mvgarden.com\\\/garden-center\\\/agenda-cuidados-del-jardin-terraza-y-huerta-diciembre\\\/#breadcrumb\"},\"inLanguage\":\"es\",\"potentialAction\":[{\"@type\":\"ReadAction\",\"target\":[\"https:\\\/\\\/www.mvgarden.com\\\/garden-center\\\/agenda-cuidados-del-jardin-terraza-y-huerta-diciembre\\\/\"]}]},{\"@type\":\"ImageObject\",\"inLanguage\":\"es\",\"@id\":\"https:\\\/\\\/www.mvgarden.com\\\/garden-center\\\/agenda-cuidados-del-jardin-terraza-y-huerta-diciembre\\\/#primaryimage\",\"url\":\"https:\\\/\\\/www.mvgarden.com\\\/garden-center\\\/wp-content\\\/uploads\\\/2017\\\/12\\\/poinsettia-suspension-01.jpg\",\"contentUrl\":\"https:\\\/\\\/www.mvgarden.com\\\/garden-center\\\/wp-content\\\/uploads\\\/2017\\\/12\\\/poinsettia-suspension-01.jpg\",\"width\":570,\"height\":427},{\"@type\":\"BreadcrumbList\",\"@id\":\"https:\\\/\\\/www.mvgarden.com\\\/garden-center\\\/agenda-cuidados-del-jardin-terraza-y-huerta-diciembre\\\/#breadcrumb\",\"itemListElement\":[{\"@type\":\"ListItem\",\"position\":1,\"name\":\"Portada\",\"item\":\"https:\\\/\\\/www.mvgarden.com\\\/garden-center\\\/\"},{\"@type\":\"ListItem\",\"position\":2,\"name\":\"Agenda cuidados del jard\u00edn, terraza y huerta diciembre\"}]},{\"@type\":\"WebSite\",\"@id\":\"https:\\\/\\\/www.mvgarden.com\\\/garden-center\\\/#website\",\"url\":\"https:\\\/\\\/www.mvgarden.com\\\/garden-center\\\/\",\"name\":\"Garden Center\",\"description\":\"Garden center Sopela\",\"publisher\":{\"@id\":\"https:\\\/\\\/www.mvgarden.com\\\/garden-center\\\/#organization\"},\"potentialAction\":[{\"@type\":\"SearchAction\",\"target\":{\"@type\":\"EntryPoint\",\"urlTemplate\":\"https:\\\/\\\/www.mvgarden.com\\\/garden-center\\\/?s={search_term_string}\"},\"query-input\":{\"@type\":\"PropertyValueSpecification\",\"valueRequired\":true,\"valueName\":\"search_term_string\"}}],\"inLanguage\":\"es\"},{\"@type\":\"Organization\",\"@id\":\"https:\\\/\\\/www.mvgarden.com\\\/garden-center\\\/#organization\",\"name\":\"Garden Center\",\"url\":\"https:\\\/\\\/www.mvgarden.com\\\/garden-center\\\/\",\"logo\":{\"@type\":\"ImageObject\",\"inLanguage\":\"es\",\"@id\":\"https:\\\/\\\/www.mvgarden.com\\\/garden-center\\\/#\\\/schema\\\/logo\\\/image\\\/\",\"url\":\"https:\\\/\\\/www.mvgarden.com\\\/garden-center\\\/wp-content\\\/uploads\\\/2024\\\/05\\\/logo_mv_form.png\",\"contentUrl\":\"https:\\\/\\\/www.mvgarden.com\\\/garden-center\\\/wp-content\\\/uploads\\\/2024\\\/05\\\/logo_mv_form.png\",\"width\":127,\"height\":97,\"caption\":\"Garden Center\"},\"image\":{\"@id\":\"https:\\\/\\\/www.mvgarden.com\\\/garden-center\\\/#\\\/schema\\\/logo\\\/image\\\/\"},\"sameAs\":[\"https:\\\/\\\/www.facebook.com\\\/mvgarden.sopelana\\\/\",\"https:\\\/\\\/www.instagram.com\\\/gardencentersopela\"]},{\"@type\":\"Person\",\"@id\":\"https:\\\/\\\/www.mvgarden.com\\\/garden-center\\\/#\\\/schema\\\/person\\\/6cf644e40ad2a6e6cec5f4de3d1a77ba\",\"name\":\"oscarmv\",\"url\":\"https:\\\/\\\/www.mvgarden.com\\\/garden-center\\\/author\\\/oscarmv\\\/\"}]}<\/script>\n<!-- \/ Yoast SEO plugin. -->","yoast_head_json":{"title":"Agenda cuidados del jard\u00edn, terraza y huerta diciembre - Mvgarden","robots":{"index":"index","follow":"follow","max-snippet":"max-snippet:-1","max-image-preview":"max-image-preview:large","max-video-preview":"max-video-preview:-1"},"canonical":"https:\/\/www.mvgarden.com\/garden-center\/agenda-cuidados-del-jardin-terraza-y-huerta-diciembre\/","og_locale":"es_ES","og_type":"article","og_title":"Agenda cuidados del jard\u00edn, terraza y huerta diciembre - Mvgarden","og_description":"\u00a0Consejos y cuidados del jard\u00edn, terraza y huerta Va a comenzar el invierno y la mayor\u00eda de las plantas ya han entrado en reposo. Sin embargo, la explosi\u00f3n de color de brezos, cicl\u00e1menes y poinsettias compensan el fr\u00edo ambiental. No hay que bajar la guardia con las heladas, el viento y la nieve: un descuido [&hellip;]","og_url":"https:\/\/www.mvgarden.com\/garden-center\/agenda-cuidados-del-jardin-terraza-y-huerta-diciembre\/","og_site_name":"Mvgarden","article_publisher":"https:\/\/www.facebook.com\/mvgarden.sopelana\/","article_published_time":"2018-12-04T13:01:50+00:00","article_modified_time":"2021-07-20T10:20:44+00:00","og_image":[{"width":570,"height":427,"url":"https:\/\/www.mvgarden.com\/garden-center\/wp-content\/uploads\/2017\/12\/poinsettia-suspension-01.jpg","type":"image\/jpeg"}],"author":"oscarmv","twitter_card":"summary_large_image","twitter_misc":{"Escrito por":"oscarmv","Tiempo de lectura":"7 minutos"},"schema":{"@context":"https:\/\/schema.org","@graph":[{"@type":"Article","@id":"https:\/\/www.mvgarden.com\/garden-center\/agenda-cuidados-del-jardin-terraza-y-huerta-diciembre\/#article","isPartOf":{"@id":"https:\/\/www.mvgarden.com\/garden-center\/agenda-cuidados-del-jardin-terraza-y-huerta-diciembre\/"},"author":{"name":"oscarmv","@id":"https:\/\/www.mvgarden.com\/garden-center\/#\/schema\/person\/6cf644e40ad2a6e6cec5f4de3d1a77ba"},"headline":"Agenda cuidados del jard\u00edn, terraza y huerta diciembre","datePublished":"2018-12-04T13:01:50+00:00","dateModified":"2021-07-20T10:20:44+00:00","mainEntityOfPage":{"@id":"https:\/\/www.mvgarden.com\/garden-center\/agenda-cuidados-del-jardin-terraza-y-huerta-diciembre\/"},"wordCount":1317,"publisher":{"@id":"https:\/\/www.mvgarden.com\/garden-center\/#organization"},"image":{"@id":"https:\/\/www.mvgarden.com\/garden-center\/agenda-cuidados-del-jardin-terraza-y-huerta-diciembre\/#primaryimage"},"thumbnailUrl":"https:\/\/www.mvgarden.com\/garden-center\/wp-content\/uploads\/2017\/12\/poinsettia-suspension-01.jpg","keywords":["C\u00e9sped del jard\u00edn","Consejos jardiner\u00eda","Cuidados de las plantas","Huerta"],"articleSection":["Plantas y flores"],"inLanguage":"es"},{"@type":"WebPage","@id":"https:\/\/www.mvgarden.com\/garden-center\/agenda-cuidados-del-jardin-terraza-y-huerta-diciembre\/","url":"https:\/\/www.mvgarden.com\/garden-center\/agenda-cuidados-del-jardin-terraza-y-huerta-diciembre\/","name":"Agenda cuidados del jard\u00edn, terraza y huerta diciembre - Mvgarden","isPartOf":{"@id":"https:\/\/www.mvgarden.com\/garden-center\/#website"},"primaryImageOfPage":{"@id":"https:\/\/www.mvgarden.com\/garden-center\/agenda-cuidados-del-jardin-terraza-y-huerta-diciembre\/#primaryimage"},"image":{"@id":"https:\/\/www.mvgarden.com\/garden-center\/agenda-cuidados-del-jardin-terraza-y-huerta-diciembre\/#primaryimage"},"thumbnailUrl":"https:\/\/www.mvgarden.com\/garden-center\/wp-content\/uploads\/2017\/12\/poinsettia-suspension-01.jpg","datePublished":"2018-12-04T13:01:50+00:00","dateModified":"2021-07-20T10:20:44+00:00","breadcrumb":{"@id":"https:\/\/www.mvgarden.com\/garden-center\/agenda-cuidados-del-jardin-terraza-y-huerta-diciembre\/#breadcrumb"},"inLanguage":"es","potentialAction":[{"@type":"ReadAction","target":["https:\/\/www.mvgarden.com\/garden-center\/agenda-cuidados-del-jardin-terraza-y-huerta-diciembre\/"]}]},{"@type":"ImageObject","inLanguage":"es","@id":"https:\/\/www.mvgarden.com\/garden-center\/agenda-cuidados-del-jardin-terraza-y-huerta-diciembre\/#primaryimage","url":"https:\/\/www.mvgarden.com\/garden-center\/wp-content\/uploads\/2017\/12\/poinsettia-suspension-01.jpg","contentUrl":"https:\/\/www.mvgarden.com\/garden-center\/wp-content\/uploads\/2017\/12\/poinsettia-suspension-01.jpg","width":570,"height":427},{"@type":"BreadcrumbList","@id":"https:\/\/www.mvgarden.com\/garden-center\/agenda-cuidados-del-jardin-terraza-y-huerta-diciembre\/#breadcrumb","itemListElement":[{"@type":"ListItem","position":1,"name":"Portada","item":"https:\/\/www.mvgarden.com\/garden-center\/"},{"@type":"ListItem","position":2,"name":"Agenda cuidados del jard\u00edn, terraza y huerta diciembre"}]},{"@type":"WebSite","@id":"https:\/\/www.mvgarden.com\/garden-center\/#website","url":"https:\/\/www.mvgarden.com\/garden-center\/","name":"Garden Center","description":"Garden center Sopela","publisher":{"@id":"https:\/\/www.mvgarden.com\/garden-center\/#organization"},"potentialAction":[{"@type":"SearchAction","target":{"@type":"EntryPoint","urlTemplate":"https:\/\/www.mvgarden.com\/garden-center\/?s={search_term_string}"},"query-input":{"@type":"PropertyValueSpecification","valueRequired":true,"valueName":"search_term_string"}}],"inLanguage":"es"},{"@type":"Organization","@id":"https:\/\/www.mvgarden.com\/garden-center\/#organization","name":"Garden Center","url":"https:\/\/www.mvgarden.com\/garden-center\/","logo":{"@type":"ImageObject","inLanguage":"es","@id":"https:\/\/www.mvgarden.com\/garden-center\/#\/schema\/logo\/image\/","url":"https:\/\/www.mvgarden.com\/garden-center\/wp-content\/uploads\/2024\/05\/logo_mv_form.png","contentUrl":"https:\/\/www.mvgarden.com\/garden-center\/wp-content\/uploads\/2024\/05\/logo_mv_form.png","width":127,"height":97,"caption":"Garden Center"},"image":{"@id":"https:\/\/www.mvgarden.com\/garden-center\/#\/schema\/logo\/image\/"},"sameAs":["https:\/\/www.facebook.com\/mvgarden.sopelana\/","https:\/\/www.instagram.com\/gardencentersopela"]},{"@type":"Person","@id":"https:\/\/www.mvgarden.com\/garden-center\/#\/schema\/person\/6cf644e40ad2a6e6cec5f4de3d1a77ba","name":"oscarmv","url":"https:\/\/www.mvgarden.com\/garden-center\/author\/oscarmv\/"}]}},"_links":{"self":[{"href":"https:\/\/www.mvgarden.com\/garden-center\/wp-json\/wp\/v2\/posts\/5812","targetHints":{"allow":["GET"]}}],"collection":[{"href":"https:\/\/www.mvgarden.com\/garden-center\/wp-json\/wp\/v2\/posts"}],"about":[{"href":"https:\/\/www.mvgarden.com\/garden-center\/wp-json\/wp\/v2\/types\/post"}],"author":[{"embeddable":true,"href":"https:\/\/www.mvgarden.com\/garden-center\/wp-json\/wp\/v2\/users\/2"}],"replies":[{"embeddable":true,"href":"https:\/\/www.mvgarden.com\/garden-center\/wp-json\/wp\/v2\/comments?post=5812"}],"version-history":[{"count":2,"href":"https:\/\/www.mvgarden.com\/garden-center\/wp-json\/wp\/v2\/posts\/5812\/revisions"}],"predecessor-version":[{"id":9170,"href":"https:\/\/www.mvgarden.com\/garden-center\/wp-json\/wp\/v2\/posts\/5812\/revisions\/9170"}],"wp:featuredmedia":[{"embeddable":true,"href":"https:\/\/www.mvgarden.com\/garden-center\/wp-json\/wp\/v2\/media\/4810"}],"wp:attachment":[{"href":"https:\/\/www.mvgarden.com\/garden-center\/wp-json\/wp\/v2\/media?parent=5812"}],"wp:term":[{"taxonomy":"category","embeddable":true,"href":"https:\/\/www.mvgarden.com\/garden-center\/wp-json\/wp\/v2\/categories?post=5812"},{"taxonomy":"post_tag","embeddable":true,"href":"https:\/\/www.mvgarden.com\/garden-center\/wp-json\/wp\/v2\/tags?post=5812"}],"curies":[{"name":"wp","href":"https:\/\/api.w.org\/{rel}","templated":true}]}}