{"id":5821,"date":"2019-01-15T10:13:54","date_gmt":"2019-01-15T10:13:54","guid":{"rendered":"https:\/\/www.mvgarden.com\/garden-center\/sin-categoria\/agenda-cuidados-las-plantas-jardin-terraza-huerta\/"},"modified":"2021-07-20T10:16:31","modified_gmt":"2021-07-20T10:16:31","slug":"agenda-cuidados-las-plantas-jardin-terraza-huerta","status":"publish","type":"post","link":"https:\/\/www.mvgarden.com\/garden-center\/agenda-cuidados-las-plantas-jardin-terraza-huerta\/","title":{"rendered":"Agenda de cuidados de las plantas, jard\u00edn, terraza y huerta en Enero"},"content":{"rendered":"<div id=\"navegacion\">Consejos y cuidados de las plantas, jard\u00edn, terraza y huerta<\/div>\n<div id=\"contenido_reportaje\">\n<div><\/div>\n<div id=\"navegacion\">En el primer mes del a\u00f1o, la actividad con las plantas es m\u00ednima. Podar los rosales y prevenir las plagas son las labores m\u00e1s importantes. Es buen momento, entonces, para hacer planes de futuro tambi\u00e9n con el jard\u00edn para la pr\u00f3xima primavera: qu\u00e9 plantas comprar, c\u00f3mo darle otro aire a ese rinc\u00f3n\u2026<\/div>\n<p><span class=\"revista\">TAREAS GENERALES DEL MES<\/span><\/p>\n<div id=\"linea\">\n<div id=\"texto_agenda\">\n<p>Las tareas de enero resultan muy similares a las de diciembre:<b><br \/>\n<\/b><\/p>\n<p><strong>\u2713 Podar. <\/strong>Si no lo has hecho en diciembre, no dejes pasar enero para ejecutar la poda m\u00e1s importante de los rosales de pie (f\u00edjate en el apartado de la agenda\u00a0<em>\u00c1rboles, arbustos y trepadoras).<\/em><\/p>\n<p><strong>\u2713 Combatir las plagas.<\/strong>\u00a0En enero, aprovecha para dar una nueva aplicaci\u00f3n de aceite mineral antiplagas a los \u00e1rboles.<\/p>\n<p><strong>\u2713 Plantar.<\/strong>\u00a0Como en diciembre, puedes plantar todav\u00eda \u00e1rboles y arbustos caducifolios, sobre todo si es a ra\u00edz desnuda, pero siempre y cuando la tierra no est\u00e9 helada o empapada. Tambi\u00e9n puedes plantar plantas de flor de temporada (f\u00edjate en el apartado de la agenda\u00a0<em>Plantas de flor\u00a0<\/em>y p\u00e1sate por tu centro de jardiner\u00eda).<\/p>\n<p><strong>\u2713 Regar. <\/strong>Mantener h\u00famedo el terreno evita que se compacte y contrarresta el efecto de las heladas, ya que aumenta la inercia t\u00e9rmica. Esto es especialmente importante para las plantas en tiesto. Riega en las horas centrales del d\u00eda.<\/p>\n<p><strong>\u2713 Mullir y acolchar el terreno. <\/strong>El fr\u00edo provoca el endurecimiento del sustrato: m\u00fallelo con la ayuda de una azada o azadilla y mantenlo acolchado con corteza de pino para evitar que se compacte.<\/p>\n<p><strong>\u2713 Protecciones.<\/strong> Vigila que las fundas, mantas de hibernaci\u00f3n, pantallas cortavientos y dem\u00e1s protecciones contra el viento y el fr\u00edo cumplen bien su funci\u00f3n. Ventila los invernaderos, t\u00faneles y campanas los d\u00edas de sol.<\/p>\n<\/div>\n<\/div>\n<div id=\"linea\">\n<div id=\"texto_agenda\"><\/div>\n<div id=\"linea\">\n<div id=\"linea\">\n<h2><img decoding=\"async\" src=\"https:\/\/www.mvgarden.com\/garden-center\/wp-content\/uploads\/2021\/07\/ico_agenda_1.gif\" width=\"68\" height=\"41\" border=\"0\" \/>\u00c1rboles, arbustos y trepadoras<\/h2>\n<div id=\"solapa\">\n<p><strong>Nueva aplicaci\u00f3n de aceite<\/strong><\/p>\n<p>Los \u00e1rboles necesitan ahora una nueva aplicaci\u00f3n de aceite mineral mezclado con fungicida para mantener a raya las plagas de pulgones, cochinillas, escarabajos y hongos como la roya o el moteado. Empapa bien la corteza.<\/p>\n<p><strong>Poda los rosales de pie bajo<\/strong><\/p>\n<p>Si no lo has hecho en diciembre debes realizar ahora la poda m\u00e1s importante del a\u00f1o\u00a0de los rosales de pie bajo, h\u00edbridos de t\u00e9, floribunda y patio. De ella depender\u00e1 la floraci\u00f3n principal de primavera y la forma de la planta. Aprovecha para eliminar las ramas muertas, d\u00e9biles o mal orientadas que saturan el interior del rosal. No compostes estos restos de poda.<\/p>\n<p>\u2022 Utiliza una tijera bien afilada, ajustada y limpia. El corte ha de ser oblicuo y neto, a unos tres mil\u00edmetros por encima de una yema orientada hacia afuera. Es importante que no se astille la rama.<\/p>\n<p>\u2022 Esparce abono completo o especial para rosales y entrecava ligeramente.<\/p>\n<p>\u2022 Riega copiosamente y protege el cuello con<em> mulching.<\/em><\/p>\n<p><strong>Quita la nieve y el hielo de las ramas<\/strong><\/p>\n<p>\u2022 No dejes que se acumule mucha nieve y hielo sobre los \u00e1rboles, arbustos, setos y trepadoras del jard\u00edn. El exceso de peso podr\u00eda quebrar las ramas de algunos ejemplares.\u00a0Con la ayuda de una p\u00e9rtiga o una vara mueve las ramas para que la nieve caiga. Riega ligeramente el suelo para hacerla desaparecer.<\/p>\n<p>\u2022 Si tus \u00e1rboles y arbustos est\u00e1n cubiertos de hielo puedes intentar librarlos de \u00e9l golpeando ligeramente el extremo de las ramas con una vara larga o una escoba hasta que la costra se rompa y caiga. Evita colocarte debajo del ejemplar. No intentes eliminar el hielo con agua; podr\u00eda congelarse sobre la capa anterior y empeorar el problema.<\/p>\n<p>&nbsp;<\/p>\n<\/div>\n<h2><img decoding=\"async\" src=\"https:\/\/www.mvgarden.com\/garden-center\/wp-content\/uploads\/2021\/07\/ico_agenda_2.gif\" width=\"68\" height=\"41\" border=\"0\" \/>Plantas de flor<\/h2>\n<div id=\"solapa_1\">\n<p>\u00a0<strong>Flores de pleno invierno<\/strong><\/p>\n<p>A los resistentes <strong>pensamientos <\/strong>y<strong> cicl\u00e1menes,\u00a0<\/strong>capaces de mantener toda su belleza a pesar del fr\u00edo y las nevadas, se suman ahora los <strong>el\u00e9boros,<\/strong> o rosas de Navidad <em>(Helleborus niger<\/em>), ideales para climas h\u00famedos, y\u00a0m\u00e1s adelante las <strong>violetas, pr\u00edmulas, bergenias<\/strong>\u00a0. Y entre las trepadoras, los <strong>jazmines de invierno <\/strong><em>(Jasminum nudiflorum<\/em>), el <strong>avellano m\u00e1gico <\/strong><em>(Hamamelis mollis)<\/em> y la <strong>bignonia de invierno<\/strong> <em>(Bignonia venusta).<\/em> Si quieres que florezcan m\u00e1s tiempo ap\u00f3rtales un abono rico en f\u00f3sforo y potasio.<\/p>\n<\/div>\n<div id=\"solapa_1\">\n<h2><img decoding=\"async\" src=\"https:\/\/www.mvgarden.com\/garden-center\/wp-content\/uploads\/2021\/07\/ico_agenda_3.gif\" width=\"68\" height=\"41\" border=\"0\" \/>Plantas de interior<\/h2>\n<p><strong>Regar poco (o nada) y humidificar el ambiente<\/strong><\/p>\n<p>Humedad ambiental y un lugar fresco (no fr\u00edo) y muy luminoso, alejado de la calefacci\u00f3n, es casi todo lo que necesitan estos meses las plantas de interior. Un riego al mes basta, excepto en el caso de las azaleas, cuyas finas ra\u00edces exigen riego regular por inmersi\u00f3n. Es importante vigilar que no se acumule agua en la base de los tiestos: podr\u00eda provocar la ca\u00edda de las flores, como sucede con la orqu\u00eddea <em>Phalaenopsis, <\/em>la asfixia de las ra\u00edces o la pudrici\u00f3n de la planta. Algunas plantas como la <strong>pachira<\/strong>, la <strong>zamioculca<\/strong>, las <strong>sansevierias<\/strong>\u00a0o la\u00a0<strong>yucca<\/strong> no deben regarse.<\/p>\n<p>&nbsp;<\/p>\n<h2><img decoding=\"async\" src=\"https:\/\/www.mvgarden.com\/garden-center\/wp-content\/uploads\/2021\/07\/ico_agenda_4.gif\" width=\"68\" height=\"41\" border=\"0\" \/>Huerto<\/h2>\n<p><strong>Enmendar la tierra<\/strong><\/p>\n<p>Las \u00e1reas del huerto donde se sembrar\u00e1 en primavera deber\u00e1n limpiarse de malas hierbas y entrecavarse para airearlas y mullirlas. A continuaci\u00f3n, aplicar una enmienda org\u00e1nica (mantillo, compost, esti\u00e9rcol bien descompuesto) y entreverar con el suelo; le aportar\u00e1 nutrientes de liberaci\u00f3n lenta y mejorar\u00e1 su textura y estructura.<\/p>\n<p><strong>Siembras de enero<\/strong><\/p>\n<p>\u2022 Este mes\u00a0ya puedes sembrar <strong>r\u00facula<\/strong> directamente sobre el terreno y <strong>pimientos<\/strong> en semillero, adem\u00e1s de <strong>acelgas, espinacas, zanahorias&#8230;<\/strong><\/p>\n<p>\u2022 Si la zona es de inviernos poco fr\u00edos, a partir de diciembre se pueden plantar tambi\u00e9n patatas tempranas o semitempranas <a href=\"http:\/\/www.verdeesvida.es\/huerto_3\/cultivar_patatas_en_la_terraza_121\">.<\/a><\/p>\n<p>&nbsp;<\/p>\n<\/div>\n<\/div>\n<div>\n<div id=\"solapa_3\">\n<h2><img decoding=\"async\" src=\"https:\/\/www.mvgarden.com\/garden-center\/wp-content\/uploads\/2021\/07\/ico_agenda_5.gif\" width=\"68\" height=\"41\" border=\"0\" \/>Cesp\u00e9d<\/h2>\n<p>&nbsp;<\/p>\n<div id=\"solapa_4\">\n<p>\u00a0<strong>En enero, enmendar con materia org\u00e1nica<\/strong>\u2022 Este mes es importante aportarle al c\u00e9sped abono org\u00e1nico (humus, mantillo, compost) para prepararlo para el rebrote primaveral.<\/p>\n<p>\u2022 Como en los meses precedentes, si la hierba est\u00e1 un poco m\u00e1s alta de lo habitual estar\u00e1 m\u00e1s protegida. No conviene pisarla si est\u00e1 muy mojada o escarchada (en este caso ri\u00e9gala ligeramente para evitar que se queme). Y procura que no se acumule agua de lluvia en forma de charcos permanentes.<\/p>\n<\/div>\n<\/div>\n<\/div>\n<\/div>\n<div>\n<div id=\"solapa_3\">\n<div id=\"solapa_4\">\n<p>Fuente: <em>Verde es vida . www.verdeesvida.es<\/em><\/p>\n<\/div>\n<\/div>\n<\/div>\n<\/div>\n<\/div>\n","protected":false},"excerpt":{"rendered":"<p>Consejos y cuidados de las plantas, jard\u00edn, terraza y huerta En el primer mes del a\u00f1o, la actividad con las plantas es m\u00ednima. Podar los rosales y prevenir las plagas son las labores m\u00e1s importantes. Es buen momento, entonces, para hacer planes de futuro tambi\u00e9n con el jard\u00edn para la pr\u00f3xima primavera: qu\u00e9 plantas comprar, [&hellip;]<\/p>\n","protected":false},"author":2,"featured_media":4823,"comment_status":"closed","ping_status":"open","sticky":false,"template":"","format":"standard","meta":{"inline_featured_image":false,"footnotes":""},"categories":[34],"tags":[111,82,87,158],"class_list":["post-5821","post","type-post","status-publish","format-standard","has-post-thumbnail","hentry","category-plantas-y-flores","tag-cesped-del-jardin","tag-consejos-jardineria","tag-cuidados-de-las-plantas","tag-huerta"],"yoast_head":"<!-- This site is optimized with the Yoast SEO plugin v27.4 - https:\/\/yoast.com\/product\/yoast-seo-wordpress\/ -->\n<title>Agenda de cuidados de las plantas, jard\u00edn, terraza y huerta en Enero - Mvgarden<\/title>\n<meta name=\"robots\" content=\"index, follow, max-snippet:-1, max-image-preview:large, max-video-preview:-1\" \/>\n<link rel=\"canonical\" href=\"https:\/\/www.mvgarden.com\/garden-center\/agenda-cuidados-las-plantas-jardin-terraza-huerta\/\" \/>\n<meta property=\"og:locale\" content=\"es_ES\" \/>\n<meta property=\"og:type\" content=\"article\" \/>\n<meta property=\"og:title\" content=\"Agenda de cuidados de las plantas, jard\u00edn, terraza y huerta en Enero - Mvgarden\" \/>\n<meta property=\"og:description\" content=\"Consejos y cuidados de las plantas, jard\u00edn, terraza y huerta En el primer mes del a\u00f1o, la actividad con las plantas es m\u00ednima. Podar los rosales y prevenir las plagas son las labores m\u00e1s importantes. Es buen momento, entonces, para hacer planes de futuro tambi\u00e9n con el jard\u00edn para la pr\u00f3xima primavera: qu\u00e9 plantas comprar, [&hellip;]\" \/>\n<meta property=\"og:url\" content=\"https:\/\/www.mvgarden.com\/garden-center\/agenda-cuidados-las-plantas-jardin-terraza-huerta\/\" \/>\n<meta property=\"og:site_name\" content=\"Mvgarden\" \/>\n<meta property=\"article:publisher\" content=\"https:\/\/www.facebook.com\/mvgarden.sopelana\/\" \/>\n<meta property=\"article:published_time\" content=\"2019-01-15T10:13:54+00:00\" \/>\n<meta property=\"article:modified_time\" content=\"2021-07-20T10:16:31+00:00\" \/>\n<meta property=\"og:image\" content=\"https:\/\/www.mvgarden.com\/garden-center\/wp-content\/uploads\/2018\/01\/FotoPoda.jpg\" \/>\n\t<meta property=\"og:image:width\" content=\"769\" \/>\n\t<meta property=\"og:image:height\" content=\"529\" \/>\n\t<meta property=\"og:image:type\" content=\"image\/jpeg\" \/>\n<meta name=\"author\" content=\"oscarmv\" \/>\n<meta name=\"twitter:card\" content=\"summary_large_image\" \/>\n<meta name=\"twitter:label1\" content=\"Escrito por\" \/>\n\t<meta name=\"twitter:data1\" content=\"oscarmv\" \/>\n\t<meta name=\"twitter:label2\" content=\"Tiempo de lectura\" \/>\n\t<meta name=\"twitter:data2\" content=\"5 minutos\" \/>\n<script type=\"application\/ld+json\" class=\"yoast-schema-graph\">{\"@context\":\"https:\\\/\\\/schema.org\",\"@graph\":[{\"@type\":\"Article\",\"@id\":\"https:\\\/\\\/www.mvgarden.com\\\/garden-center\\\/agenda-cuidados-las-plantas-jardin-terraza-huerta\\\/#article\",\"isPartOf\":{\"@id\":\"https:\\\/\\\/www.mvgarden.com\\\/garden-center\\\/agenda-cuidados-las-plantas-jardin-terraza-huerta\\\/\"},\"author\":{\"name\":\"oscarmv\",\"@id\":\"https:\\\/\\\/www.mvgarden.com\\\/garden-center\\\/#\\\/schema\\\/person\\\/6cf644e40ad2a6e6cec5f4de3d1a77ba\"},\"headline\":\"Agenda de cuidados de las plantas, jard\u00edn, terraza y huerta en Enero\",\"datePublished\":\"2019-01-15T10:13:54+00:00\",\"dateModified\":\"2021-07-20T10:16:31+00:00\",\"mainEntityOfPage\":{\"@id\":\"https:\\\/\\\/www.mvgarden.com\\\/garden-center\\\/agenda-cuidados-las-plantas-jardin-terraza-huerta\\\/\"},\"wordCount\":1041,\"publisher\":{\"@id\":\"https:\\\/\\\/www.mvgarden.com\\\/garden-center\\\/#organization\"},\"image\":{\"@id\":\"https:\\\/\\\/www.mvgarden.com\\\/garden-center\\\/agenda-cuidados-las-plantas-jardin-terraza-huerta\\\/#primaryimage\"},\"thumbnailUrl\":\"https:\\\/\\\/www.mvgarden.com\\\/garden-center\\\/wp-content\\\/uploads\\\/2018\\\/01\\\/FotoPoda.jpg\",\"keywords\":[\"C\u00e9sped del jard\u00edn\",\"Consejos jardiner\u00eda\",\"Cuidados de las plantas\",\"Huerta\"],\"articleSection\":[\"Plantas y flores\"],\"inLanguage\":\"es\"},{\"@type\":\"WebPage\",\"@id\":\"https:\\\/\\\/www.mvgarden.com\\\/garden-center\\\/agenda-cuidados-las-plantas-jardin-terraza-huerta\\\/\",\"url\":\"https:\\\/\\\/www.mvgarden.com\\\/garden-center\\\/agenda-cuidados-las-plantas-jardin-terraza-huerta\\\/\",\"name\":\"Agenda de cuidados de las plantas, jard\u00edn, terraza y huerta en Enero - Mvgarden\",\"isPartOf\":{\"@id\":\"https:\\\/\\\/www.mvgarden.com\\\/garden-center\\\/#website\"},\"primaryImageOfPage\":{\"@id\":\"https:\\\/\\\/www.mvgarden.com\\\/garden-center\\\/agenda-cuidados-las-plantas-jardin-terraza-huerta\\\/#primaryimage\"},\"image\":{\"@id\":\"https:\\\/\\\/www.mvgarden.com\\\/garden-center\\\/agenda-cuidados-las-plantas-jardin-terraza-huerta\\\/#primaryimage\"},\"thumbnailUrl\":\"https:\\\/\\\/www.mvgarden.com\\\/garden-center\\\/wp-content\\\/uploads\\\/2018\\\/01\\\/FotoPoda.jpg\",\"datePublished\":\"2019-01-15T10:13:54+00:00\",\"dateModified\":\"2021-07-20T10:16:31+00:00\",\"breadcrumb\":{\"@id\":\"https:\\\/\\\/www.mvgarden.com\\\/garden-center\\\/agenda-cuidados-las-plantas-jardin-terraza-huerta\\\/#breadcrumb\"},\"inLanguage\":\"es\",\"potentialAction\":[{\"@type\":\"ReadAction\",\"target\":[\"https:\\\/\\\/www.mvgarden.com\\\/garden-center\\\/agenda-cuidados-las-plantas-jardin-terraza-huerta\\\/\"]}]},{\"@type\":\"ImageObject\",\"inLanguage\":\"es\",\"@id\":\"https:\\\/\\\/www.mvgarden.com\\\/garden-center\\\/agenda-cuidados-las-plantas-jardin-terraza-huerta\\\/#primaryimage\",\"url\":\"https:\\\/\\\/www.mvgarden.com\\\/garden-center\\\/wp-content\\\/uploads\\\/2018\\\/01\\\/FotoPoda.jpg\",\"contentUrl\":\"https:\\\/\\\/www.mvgarden.com\\\/garden-center\\\/wp-content\\\/uploads\\\/2018\\\/01\\\/FotoPoda.jpg\",\"width\":769,\"height\":529,\"caption\":\"Lysmata Debelius\"},{\"@type\":\"BreadcrumbList\",\"@id\":\"https:\\\/\\\/www.mvgarden.com\\\/garden-center\\\/agenda-cuidados-las-plantas-jardin-terraza-huerta\\\/#breadcrumb\",\"itemListElement\":[{\"@type\":\"ListItem\",\"position\":1,\"name\":\"Portada\",\"item\":\"https:\\\/\\\/www.mvgarden.com\\\/garden-center\\\/\"},{\"@type\":\"ListItem\",\"position\":2,\"name\":\"Agenda de cuidados de las plantas, jard\u00edn, terraza y huerta en Enero\"}]},{\"@type\":\"WebSite\",\"@id\":\"https:\\\/\\\/www.mvgarden.com\\\/garden-center\\\/#website\",\"url\":\"https:\\\/\\\/www.mvgarden.com\\\/garden-center\\\/\",\"name\":\"Garden Center\",\"description\":\"Garden center Sopela\",\"publisher\":{\"@id\":\"https:\\\/\\\/www.mvgarden.com\\\/garden-center\\\/#organization\"},\"potentialAction\":[{\"@type\":\"SearchAction\",\"target\":{\"@type\":\"EntryPoint\",\"urlTemplate\":\"https:\\\/\\\/www.mvgarden.com\\\/garden-center\\\/?s={search_term_string}\"},\"query-input\":{\"@type\":\"PropertyValueSpecification\",\"valueRequired\":true,\"valueName\":\"search_term_string\"}}],\"inLanguage\":\"es\"},{\"@type\":\"Organization\",\"@id\":\"https:\\\/\\\/www.mvgarden.com\\\/garden-center\\\/#organization\",\"name\":\"Garden Center\",\"url\":\"https:\\\/\\\/www.mvgarden.com\\\/garden-center\\\/\",\"logo\":{\"@type\":\"ImageObject\",\"inLanguage\":\"es\",\"@id\":\"https:\\\/\\\/www.mvgarden.com\\\/garden-center\\\/#\\\/schema\\\/logo\\\/image\\\/\",\"url\":\"https:\\\/\\\/www.mvgarden.com\\\/garden-center\\\/wp-content\\\/uploads\\\/2024\\\/05\\\/logo_mv_form.png\",\"contentUrl\":\"https:\\\/\\\/www.mvgarden.com\\\/garden-center\\\/wp-content\\\/uploads\\\/2024\\\/05\\\/logo_mv_form.png\",\"width\":127,\"height\":97,\"caption\":\"Garden Center\"},\"image\":{\"@id\":\"https:\\\/\\\/www.mvgarden.com\\\/garden-center\\\/#\\\/schema\\\/logo\\\/image\\\/\"},\"sameAs\":[\"https:\\\/\\\/www.facebook.com\\\/mvgarden.sopelana\\\/\",\"https:\\\/\\\/www.instagram.com\\\/gardencentersopela\"]},{\"@type\":\"Person\",\"@id\":\"https:\\\/\\\/www.mvgarden.com\\\/garden-center\\\/#\\\/schema\\\/person\\\/6cf644e40ad2a6e6cec5f4de3d1a77ba\",\"name\":\"oscarmv\",\"url\":\"https:\\\/\\\/www.mvgarden.com\\\/garden-center\\\/author\\\/oscarmv\\\/\"}]}<\/script>\n<!-- \/ Yoast SEO plugin. -->","yoast_head_json":{"title":"Agenda de cuidados de las plantas, jard\u00edn, terraza y huerta en Enero - Mvgarden","robots":{"index":"index","follow":"follow","max-snippet":"max-snippet:-1","max-image-preview":"max-image-preview:large","max-video-preview":"max-video-preview:-1"},"canonical":"https:\/\/www.mvgarden.com\/garden-center\/agenda-cuidados-las-plantas-jardin-terraza-huerta\/","og_locale":"es_ES","og_type":"article","og_title":"Agenda de cuidados de las plantas, jard\u00edn, terraza y huerta en Enero - Mvgarden","og_description":"Consejos y cuidados de las plantas, jard\u00edn, terraza y huerta En el primer mes del a\u00f1o, la actividad con las plantas es m\u00ednima. Podar los rosales y prevenir las plagas son las labores m\u00e1s importantes. Es buen momento, entonces, para hacer planes de futuro tambi\u00e9n con el jard\u00edn para la pr\u00f3xima primavera: qu\u00e9 plantas comprar, [&hellip;]","og_url":"https:\/\/www.mvgarden.com\/garden-center\/agenda-cuidados-las-plantas-jardin-terraza-huerta\/","og_site_name":"Mvgarden","article_publisher":"https:\/\/www.facebook.com\/mvgarden.sopelana\/","article_published_time":"2019-01-15T10:13:54+00:00","article_modified_time":"2021-07-20T10:16:31+00:00","og_image":[{"width":769,"height":529,"url":"https:\/\/www.mvgarden.com\/garden-center\/wp-content\/uploads\/2018\/01\/FotoPoda.jpg","type":"image\/jpeg"}],"author":"oscarmv","twitter_card":"summary_large_image","twitter_misc":{"Escrito por":"oscarmv","Tiempo de lectura":"5 minutos"},"schema":{"@context":"https:\/\/schema.org","@graph":[{"@type":"Article","@id":"https:\/\/www.mvgarden.com\/garden-center\/agenda-cuidados-las-plantas-jardin-terraza-huerta\/#article","isPartOf":{"@id":"https:\/\/www.mvgarden.com\/garden-center\/agenda-cuidados-las-plantas-jardin-terraza-huerta\/"},"author":{"name":"oscarmv","@id":"https:\/\/www.mvgarden.com\/garden-center\/#\/schema\/person\/6cf644e40ad2a6e6cec5f4de3d1a77ba"},"headline":"Agenda de cuidados de las plantas, jard\u00edn, terraza y huerta en Enero","datePublished":"2019-01-15T10:13:54+00:00","dateModified":"2021-07-20T10:16:31+00:00","mainEntityOfPage":{"@id":"https:\/\/www.mvgarden.com\/garden-center\/agenda-cuidados-las-plantas-jardin-terraza-huerta\/"},"wordCount":1041,"publisher":{"@id":"https:\/\/www.mvgarden.com\/garden-center\/#organization"},"image":{"@id":"https:\/\/www.mvgarden.com\/garden-center\/agenda-cuidados-las-plantas-jardin-terraza-huerta\/#primaryimage"},"thumbnailUrl":"https:\/\/www.mvgarden.com\/garden-center\/wp-content\/uploads\/2018\/01\/FotoPoda.jpg","keywords":["C\u00e9sped del jard\u00edn","Consejos jardiner\u00eda","Cuidados de las plantas","Huerta"],"articleSection":["Plantas y flores"],"inLanguage":"es"},{"@type":"WebPage","@id":"https:\/\/www.mvgarden.com\/garden-center\/agenda-cuidados-las-plantas-jardin-terraza-huerta\/","url":"https:\/\/www.mvgarden.com\/garden-center\/agenda-cuidados-las-plantas-jardin-terraza-huerta\/","name":"Agenda de cuidados de las plantas, jard\u00edn, terraza y huerta en Enero - Mvgarden","isPartOf":{"@id":"https:\/\/www.mvgarden.com\/garden-center\/#website"},"primaryImageOfPage":{"@id":"https:\/\/www.mvgarden.com\/garden-center\/agenda-cuidados-las-plantas-jardin-terraza-huerta\/#primaryimage"},"image":{"@id":"https:\/\/www.mvgarden.com\/garden-center\/agenda-cuidados-las-plantas-jardin-terraza-huerta\/#primaryimage"},"thumbnailUrl":"https:\/\/www.mvgarden.com\/garden-center\/wp-content\/uploads\/2018\/01\/FotoPoda.jpg","datePublished":"2019-01-15T10:13:54+00:00","dateModified":"2021-07-20T10:16:31+00:00","breadcrumb":{"@id":"https:\/\/www.mvgarden.com\/garden-center\/agenda-cuidados-las-plantas-jardin-terraza-huerta\/#breadcrumb"},"inLanguage":"es","potentialAction":[{"@type":"ReadAction","target":["https:\/\/www.mvgarden.com\/garden-center\/agenda-cuidados-las-plantas-jardin-terraza-huerta\/"]}]},{"@type":"ImageObject","inLanguage":"es","@id":"https:\/\/www.mvgarden.com\/garden-center\/agenda-cuidados-las-plantas-jardin-terraza-huerta\/#primaryimage","url":"https:\/\/www.mvgarden.com\/garden-center\/wp-content\/uploads\/2018\/01\/FotoPoda.jpg","contentUrl":"https:\/\/www.mvgarden.com\/garden-center\/wp-content\/uploads\/2018\/01\/FotoPoda.jpg","width":769,"height":529,"caption":"Lysmata Debelius"},{"@type":"BreadcrumbList","@id":"https:\/\/www.mvgarden.com\/garden-center\/agenda-cuidados-las-plantas-jardin-terraza-huerta\/#breadcrumb","itemListElement":[{"@type":"ListItem","position":1,"name":"Portada","item":"https:\/\/www.mvgarden.com\/garden-center\/"},{"@type":"ListItem","position":2,"name":"Agenda de cuidados de las plantas, jard\u00edn, terraza y huerta en Enero"}]},{"@type":"WebSite","@id":"https:\/\/www.mvgarden.com\/garden-center\/#website","url":"https:\/\/www.mvgarden.com\/garden-center\/","name":"Garden Center","description":"Garden center Sopela","publisher":{"@id":"https:\/\/www.mvgarden.com\/garden-center\/#organization"},"potentialAction":[{"@type":"SearchAction","target":{"@type":"EntryPoint","urlTemplate":"https:\/\/www.mvgarden.com\/garden-center\/?s={search_term_string}"},"query-input":{"@type":"PropertyValueSpecification","valueRequired":true,"valueName":"search_term_string"}}],"inLanguage":"es"},{"@type":"Organization","@id":"https:\/\/www.mvgarden.com\/garden-center\/#organization","name":"Garden Center","url":"https:\/\/www.mvgarden.com\/garden-center\/","logo":{"@type":"ImageObject","inLanguage":"es","@id":"https:\/\/www.mvgarden.com\/garden-center\/#\/schema\/logo\/image\/","url":"https:\/\/www.mvgarden.com\/garden-center\/wp-content\/uploads\/2024\/05\/logo_mv_form.png","contentUrl":"https:\/\/www.mvgarden.com\/garden-center\/wp-content\/uploads\/2024\/05\/logo_mv_form.png","width":127,"height":97,"caption":"Garden Center"},"image":{"@id":"https:\/\/www.mvgarden.com\/garden-center\/#\/schema\/logo\/image\/"},"sameAs":["https:\/\/www.facebook.com\/mvgarden.sopelana\/","https:\/\/www.instagram.com\/gardencentersopela"]},{"@type":"Person","@id":"https:\/\/www.mvgarden.com\/garden-center\/#\/schema\/person\/6cf644e40ad2a6e6cec5f4de3d1a77ba","name":"oscarmv","url":"https:\/\/www.mvgarden.com\/garden-center\/author\/oscarmv\/"}]}},"_links":{"self":[{"href":"https:\/\/www.mvgarden.com\/garden-center\/wp-json\/wp\/v2\/posts\/5821","targetHints":{"allow":["GET"]}}],"collection":[{"href":"https:\/\/www.mvgarden.com\/garden-center\/wp-json\/wp\/v2\/posts"}],"about":[{"href":"https:\/\/www.mvgarden.com\/garden-center\/wp-json\/wp\/v2\/types\/post"}],"author":[{"embeddable":true,"href":"https:\/\/www.mvgarden.com\/garden-center\/wp-json\/wp\/v2\/users\/2"}],"replies":[{"embeddable":true,"href":"https:\/\/www.mvgarden.com\/garden-center\/wp-json\/wp\/v2\/comments?post=5821"}],"version-history":[{"count":2,"href":"https:\/\/www.mvgarden.com\/garden-center\/wp-json\/wp\/v2\/posts\/5821\/revisions"}],"predecessor-version":[{"id":8202,"href":"https:\/\/www.mvgarden.com\/garden-center\/wp-json\/wp\/v2\/posts\/5821\/revisions\/8202"}],"wp:featuredmedia":[{"embeddable":true,"href":"https:\/\/www.mvgarden.com\/garden-center\/wp-json\/wp\/v2\/media\/4823"}],"wp:attachment":[{"href":"https:\/\/www.mvgarden.com\/garden-center\/wp-json\/wp\/v2\/media?parent=5821"}],"wp:term":[{"taxonomy":"category","embeddable":true,"href":"https:\/\/www.mvgarden.com\/garden-center\/wp-json\/wp\/v2\/categories?post=5821"},{"taxonomy":"post_tag","embeddable":true,"href":"https:\/\/www.mvgarden.com\/garden-center\/wp-json\/wp\/v2\/tags?post=5821"}],"curies":[{"name":"wp","href":"https:\/\/api.w.org\/{rel}","templated":true}]}}