{"id":5842,"date":"2019-03-02T17:28:22","date_gmt":"2019-03-02T17:28:22","guid":{"rendered":"https:\/\/www.mvgarden.com\/garden-center\/sin-categoria\/agenda-cuidados-consejos-las-plantas-jardin-terraza-huerta-marzo\/"},"modified":"2021-07-20T10:08:40","modified_gmt":"2021-07-20T10:08:40","slug":"agenda-cuidados-consejos-las-plantas-jardin-terraza-huerta-marzo","status":"publish","type":"post","link":"https:\/\/www.mvgarden.com\/garden-center\/agenda-cuidados-consejos-las-plantas-jardin-terraza-huerta-marzo\/","title":{"rendered":"Agenda de cuidados y consejos de las plantas, jard\u00edn &#038; terraza, huerta en Marzo"},"content":{"rendered":"<div id=\"navegacion\">Consejos y cuidados de las plantas, jard\u00edn, terraza y huerta<\/div>\n<div>\n<p class=\"entradilla_agenda\">La Naturaleza revive con fuerza y el espect\u00e1culo floral de la primavera empieza a deslumbrar. Todos los trabajos que les dediques ahora al jard\u00edn y la terraza se traducir\u00e1n en muchos meses de belleza.<\/p>\n<p><span class=\"revista\">TAREAS GENERALES DEL MES<\/span><\/p>\n<div id=\"linea\">\n<div id=\"texto_agenda\">\n<p><strong>\u2713 <\/strong>El calor aumenta y el riesgo de heladas se reduce, lo que hace a marzo un mes ideal para plantar \u00e1rboles y arbustos con cepell\u00f3n, setos, vivaces, tapizantes, arom\u00e1ticas, gram\u00edneas, anuales, bulbosas de verano&#8230;<\/p>\n<p><strong>\u2713 \u00a0<\/strong>A comienzos de marzo se debe aplicar abono org\u00e1nico en parterres y arriates, jardineras y tiestos.<\/p>\n<\/div>\n<\/div>\n<\/div>\n<div id=\"contenido_reportaje\">\n<div>\n<div id=\"linea\">\n<div id=\"texto_agenda\">\n<p><strong>\u2713 Podar.\u00a0<\/strong>Realiza la poda de limpieza, rejuvenecimiento y formaci\u00f3n de \u00e1rboles, arbustos y trepadoras.<\/p>\n<p><strong>\u2713<\/strong> Poda los arbustos caducifolios que florecen en verano o que han dado flor en invierno, antes de que despunten.<\/p>\n<p>&nbsp;<\/p>\n<\/div>\n<\/div>\n<\/div>\n<div id=\"linea\">\n<div id=\"linea\">\n<div id=\"linea\">\n<h2><img decoding=\"async\" src=\"https:\/\/www.mvgarden.com\/garden-center\/wp-content\/uploads\/2021\/07\/ico_agenda_1.gif\" width=\"68\" height=\"41\" border=\"0\" \/>\u00c1rboles, arbustos y trepadoras<\/h2>\n<div id=\"solapa\">\n<p><strong>Entutorar los arbolitos y arbustos<\/strong><\/p>\n<p>Los \u00e1rboles peque\u00f1os y muchos arbustos erectos (los rastreros y enanos no lo necesitan) crecer\u00e1n mejor si se les coloca un tutor o una estaca. Lo mejor es clavarlo en el hoyo antes de introducir la planta; si se hiciera despu\u00e9s se corre el riesgo de afectar el cepell\u00f3n. El tutor debe colocarse del lado del viento dominante; en el caso de algunos \u00e1rboles ser\u00e1 mejor colocar tres tutores unidos por tablas. Las mejores sujeciones son las tiras de goma. Los tutores deben mantenese unos dos a\u00f1os.<\/p>\n<p><strong>Mimos a los rosales<\/strong><\/p>\n<p>Los rosales necesitar\u00e1n una atenci\u00f3n especial a partir de ahora para florecer en abundancia en mayo: mulle el terreno, elimina las malas hierbas y los chupones, y ap\u00f3rtales esti\u00e9rcol. Una o dos veces por semana, ri\u00e9galos al pie al mediod\u00eda (especialmente en las zonas con riesgo de heladas), y vigila las plagas.<\/p>\n<p>&nbsp;<\/p>\n<\/div>\n<h2><img decoding=\"async\" src=\"https:\/\/www.mvgarden.com\/garden-center\/wp-content\/uploads\/2021\/07\/ico_agenda_2.gif\" width=\"68\" height=\"41\" border=\"0\" \/>Plantas de flor<\/h2>\n<div id=\"solapa_1\">\n<p>\u00a0<strong>Por una floraci\u00f3n duradera<\/strong><\/p>\n<p>\u2022 Las bulbosas de floraci\u00f3n primaveral (<strong>tulipanes, narcisos, jacintos, muscaris<\/strong>) est\u00e1n en pleno esplendor. Para que la floraci\u00f3n dure m\u00e1s ap\u00f3rtales abono para bulbosas, ri\u00e9galas al menos una vez por semana, y vigila a las babosas y caracoles, sus principales enemigos.<\/p>\n<p>\u2022 Libera de malas hierbas a las <strong>anuales que est\u00e1n en flor;<\/strong> mant\u00e9n acolchadas las ra\u00edces con corteza de pino o paja limpia, sobre todo si la zona es fr\u00eda; elimina las flores marchitas, y ri\u00e9galas al menos una vez por semana.<\/p>\n<p>&nbsp;<\/p>\n<p><strong>Planta los bulbos de verano<\/strong><\/p>\n<p>Si el pr\u00f3ximo verano quieres <strong>dalias, gladiolos, calas, ca\u00f1as de las Indias, amarilis, hemerocallis, azucenas&#8230; <\/strong>entierra ya los bulbos, cormos y rizomas en arriates, rocallas y jardineras.<\/p>\n<p><strong>\u2022 El sustrato. <\/strong>Es clave que drene bien, caso contrario el \u00f3rgano de reserva se pudrir\u00e1. Una tierra rica y de textura franco arenosa es lo m\u00e1s adecuado.<\/p>\n<p><strong>\u2022 La posici\u00f3n.<\/strong> Estas bulbosas, en general, necesitan un sitio soleado.<\/p>\n<p><b><span class=\"Apple-style-span\"><strong>\u2022 El abono. <\/strong>Ap\u00f3rtales un fertilizante para bulbosas para incrementar la floraci\u00f3n.<\/span><\/b><\/p>\n<p><strong>\u2022 El riego. <\/strong>El sustrato no debe secarse, pero mucho cuidado con encharcarlo.<\/p>\n<p><strong>\u2022 Los enemigos.<\/strong> Mant\u00e9n a raya a babosas y caracoles..<\/p>\n<p><strong>\u00a0<\/strong><\/p>\n<\/div>\n<div id=\"solapa_1\">\n<h2><img decoding=\"async\" src=\"https:\/\/www.mvgarden.com\/garden-center\/wp-content\/uploads\/2021\/07\/ico_agenda_3.gif\" width=\"68\" height=\"41\" border=\"0\" \/>Plantas de interior<\/h2>\n<p><strong>Dales un sustrato nuevo<\/strong><\/p>\n<p>Marzo es el mes ideal para renovar el sustrato y cambiar de tiesto <strong>espatifilios, ficus, filodendros, helechos,<\/strong> plantas que necesitan una tierra rica en nutrientes y espacio vital. Si no lo haces cada dos a\u00f1os, aproximadamente, sufrir\u00e1n. Riega bien el sustrato para que te resulte m\u00e1s f\u00e1cil extraerla de la maceta vieja, y recorta las ra\u00edces que sobresalgan. Recorta el cepell\u00f3n un tercio con un cuchillo muy afilado si no quieres que crezcan m\u00e1s y has decidido dejarlas en el mismo contenedor. Coloca de inmediato la planta en un tiesto con sustrato nuevo, aprieta bien para eliminar las bolsas de aire y riega generosamente.<\/p>\n<p><strong>Multiplica los ejemplare<\/strong><strong>s<\/strong><\/p>\n<p>Ya que vas a trasplantarlas, puedes obtener m\u00e1s ejemplares, como en el caso de la <strong>sanseviera<\/strong>(b\u00fascales un tiesto peque\u00f1o: a las plantas de esta especie les gusta estar un poco apretadas). Es una tarea ideal para involucrar a los ni\u00f1os. Si dejas los hijuelos en agua te asegurar\u00e1s de que echan ra\u00edces.<\/p>\n<p>&nbsp;<\/p>\n<p><strong>Comienza a fertilizarlas<\/strong><\/p>\n<p>Este mes se reinicia el abonado de las plantas de interior, una vez que han salido del reposo invernal. En tu centro de jardiner\u00eda encontrar\u00e1s fertilizantes l\u00edquidos para este tipo de especies. Respeta la dosificaci\u00f3n y aplica la soluci\u00f3n de agua y abono sobre el sustrato humedecido.<\/p>\n<p>&nbsp;<\/p>\n<h2><img decoding=\"async\" src=\"https:\/\/www.mvgarden.com\/garden-center\/wp-content\/uploads\/2021\/07\/ico_agenda_4.gif\" width=\"68\" height=\"41\" border=\"0\" \/>Huerto<\/h2>\n<p><strong>Mucho que sembrar<\/strong><\/p>\n<p><strong>\u2022 Las patatas<\/strong> empiezan a llenarse de brotes, pidiendo ir a la tierra. Si quieres cultivarlas en tu huerto, utiliza un sustrato rico pero suelto, con buen drenaje. En unas 15-18 semanas obtendr\u00e1s por cada unidad una buena cantidad de patatas, as\u00ed que enti\u00e9rralas a unos 40 cent\u00edmetros unas de otras.<\/p>\n<p>\u2022 Cada dos semanas, si el tiempo lo permite, <strong>siembra guisantes, zanahorias, jud\u00edas verdes, cebollas, espinacas, r\u00facula, can\u00f3nigos, lechugas de primavera,<\/strong> para obtener una cosecha escalonada en el verano.<\/p>\n<p><strong>Protege tus plantacione<\/strong><strong>s<\/strong><\/p>\n<p>\u2022 Ya se sabe: \u201cMarzo enga\u00f1ador, un d\u00eda malo, otro peor\u201d, as\u00ed que toma precauciones. Si la temperatura nocturna baja de 10\u00ba, protege los plantones con campanas o t\u00faneles provisionales. Por si lloviera mucho, siembra o planta sobre el terreno cubierto con pl\u00e1stico o paja.<\/p>\n<p>&nbsp;<\/p>\n<\/div>\n<\/div>\n<div>\n<div id=\"solapa_3\">\n<h2><img decoding=\"async\" src=\"https:\/\/www.mvgarden.com\/garden-center\/wp-content\/uploads\/2021\/07\/ico_agenda_5.gif\" width=\"68\" height=\"41\" border=\"0\" \/>Cesp\u00e9d<\/h2>\n<div id=\"solapa_4\">\n<p>&nbsp;<\/p>\n<p><strong>Cuidados y \u2018alimento\u2019 para el c\u00e9sped<\/strong><\/p>\n<p>Marzo es el mes en el que la pradera ha de ponerse a punto. Si ya has aplicado herbicidas y has resembrado (ver tareas de febrero), ahora toca escarificarla para permitir que llegue el agua y el aire a las ra\u00edces, y a continuaci\u00f3n <strong>fertilizarla con abono org\u00e1nico<\/strong> (esti\u00e9rcol, mantillo, humus de lombriz) para estimular el crecimiento de la hierba. Tambi\u00e9n ha llegado el momento de la <strong>primera siega,<\/strong> aunque dejando el c\u00e9sped alto.<\/p>\n<\/div>\n<\/div>\n<\/div>\n<\/div>\n<div>\n<div id=\"solapa_3\">\n<div id=\"solapa_4\">\n<p>Fuente: <em>Verde es vida . www.verdeesvida.es<\/em><\/p>\n<\/div>\n<\/div>\n<\/div>\n<\/div>\n<\/div>\n","protected":false},"excerpt":{"rendered":"<p>Consejos y cuidados de las plantas, jard\u00edn, terraza y huerta La Naturaleza revive con fuerza y el espect\u00e1culo floral de la primavera empieza a deslumbrar. Todos los trabajos que les dediques ahora al jard\u00edn y la terraza se traducir\u00e1n en muchos meses de belleza. TAREAS GENERALES DEL MES \u2713 El calor aumenta y el riesgo [&hellip;]<\/p>\n","protected":false},"author":2,"featured_media":5843,"comment_status":"closed","ping_status":"open","sticky":false,"template":"","format":"standard","meta":{"inline_featured_image":false,"footnotes":""},"categories":[34],"tags":[111,82,158],"class_list":["post-5842","post","type-post","status-publish","format-standard","has-post-thumbnail","hentry","category-plantas-y-flores","tag-cesped-del-jardin","tag-consejos-jardineria","tag-huerta"],"yoast_head":"<!-- This site is optimized with the Yoast SEO plugin v27.4 - https:\/\/yoast.com\/product\/yoast-seo-wordpress\/ -->\n<title>Agenda de cuidados y consejos de las plantas, jard\u00edn &amp; terraza, huerta en Marzo - Mvgarden<\/title>\n<meta name=\"robots\" content=\"index, follow, max-snippet:-1, max-image-preview:large, max-video-preview:-1\" \/>\n<link rel=\"canonical\" href=\"https:\/\/www.mvgarden.com\/garden-center\/agenda-cuidados-consejos-las-plantas-jardin-terraza-huerta-marzo\/\" \/>\n<meta property=\"og:locale\" content=\"es_ES\" \/>\n<meta property=\"og:type\" content=\"article\" \/>\n<meta property=\"og:title\" content=\"Agenda de cuidados y consejos de las plantas, jard\u00edn &amp; terraza, huerta en Marzo - Mvgarden\" \/>\n<meta property=\"og:description\" content=\"Consejos y cuidados de las plantas, jard\u00edn, terraza y huerta La Naturaleza revive con fuerza y el espect\u00e1culo floral de la primavera empieza a deslumbrar. Todos los trabajos que les dediques ahora al jard\u00edn y la terraza se traducir\u00e1n en muchos meses de belleza. TAREAS GENERALES DEL MES \u2713 El calor aumenta y el riesgo [&hellip;]\" \/>\n<meta property=\"og:url\" content=\"https:\/\/www.mvgarden.com\/garden-center\/agenda-cuidados-consejos-las-plantas-jardin-terraza-huerta-marzo\/\" \/>\n<meta property=\"og:site_name\" content=\"Mvgarden\" \/>\n<meta property=\"article:publisher\" content=\"https:\/\/www.facebook.com\/mvgarden.sopelana\/\" \/>\n<meta property=\"article:published_time\" content=\"2019-03-02T17:28:22+00:00\" \/>\n<meta property=\"article:modified_time\" content=\"2021-07-20T10:08:40+00:00\" \/>\n<meta property=\"og:image\" content=\"https:\/\/www.mvgarden.com\/garden-center\/wp-content\/uploads\/2019\/03\/torino-campana.i1-767x511.jpg\" \/>\n\t<meta property=\"og:image:width\" content=\"767\" \/>\n\t<meta property=\"og:image:height\" content=\"511\" \/>\n\t<meta property=\"og:image:type\" content=\"image\/jpeg\" \/>\n<meta name=\"author\" content=\"oscarmv\" \/>\n<meta name=\"twitter:card\" content=\"summary_large_image\" \/>\n<meta name=\"twitter:label1\" content=\"Escrito por\" \/>\n\t<meta name=\"twitter:data1\" content=\"oscarmv\" \/>\n\t<meta name=\"twitter:label2\" content=\"Tiempo de lectura\" \/>\n\t<meta name=\"twitter:data2\" content=\"5 minutos\" \/>\n<script type=\"application\/ld+json\" class=\"yoast-schema-graph\">{\"@context\":\"https:\\\/\\\/schema.org\",\"@graph\":[{\"@type\":\"Article\",\"@id\":\"https:\\\/\\\/www.mvgarden.com\\\/garden-center\\\/agenda-cuidados-consejos-las-plantas-jardin-terraza-huerta-marzo\\\/#article\",\"isPartOf\":{\"@id\":\"https:\\\/\\\/www.mvgarden.com\\\/garden-center\\\/agenda-cuidados-consejos-las-plantas-jardin-terraza-huerta-marzo\\\/\"},\"author\":{\"name\":\"oscarmv\",\"@id\":\"https:\\\/\\\/www.mvgarden.com\\\/garden-center\\\/#\\\/schema\\\/person\\\/6cf644e40ad2a6e6cec5f4de3d1a77ba\"},\"headline\":\"Agenda de cuidados y consejos de las plantas, jard\u00edn &#038; terraza, huerta en Marzo\",\"datePublished\":\"2019-03-02T17:28:22+00:00\",\"dateModified\":\"2021-07-20T10:08:40+00:00\",\"mainEntityOfPage\":{\"@id\":\"https:\\\/\\\/www.mvgarden.com\\\/garden-center\\\/agenda-cuidados-consejos-las-plantas-jardin-terraza-huerta-marzo\\\/\"},\"wordCount\":1002,\"publisher\":{\"@id\":\"https:\\\/\\\/www.mvgarden.com\\\/garden-center\\\/#organization\"},\"image\":{\"@id\":\"https:\\\/\\\/www.mvgarden.com\\\/garden-center\\\/agenda-cuidados-consejos-las-plantas-jardin-terraza-huerta-marzo\\\/#primaryimage\"},\"thumbnailUrl\":\"https:\\\/\\\/www.mvgarden.com\\\/garden-center\\\/wp-content\\\/uploads\\\/2019\\\/03\\\/torino-campana.i1-scaled.jpg\",\"keywords\":[\"C\u00e9sped del jard\u00edn\",\"Consejos jardiner\u00eda\",\"Huerta\"],\"articleSection\":[\"Plantas y flores\"],\"inLanguage\":\"es\"},{\"@type\":\"WebPage\",\"@id\":\"https:\\\/\\\/www.mvgarden.com\\\/garden-center\\\/agenda-cuidados-consejos-las-plantas-jardin-terraza-huerta-marzo\\\/\",\"url\":\"https:\\\/\\\/www.mvgarden.com\\\/garden-center\\\/agenda-cuidados-consejos-las-plantas-jardin-terraza-huerta-marzo\\\/\",\"name\":\"Agenda de cuidados y consejos de las plantas, jard\u00edn & terraza, huerta en Marzo - Mvgarden\",\"isPartOf\":{\"@id\":\"https:\\\/\\\/www.mvgarden.com\\\/garden-center\\\/#website\"},\"primaryImageOfPage\":{\"@id\":\"https:\\\/\\\/www.mvgarden.com\\\/garden-center\\\/agenda-cuidados-consejos-las-plantas-jardin-terraza-huerta-marzo\\\/#primaryimage\"},\"image\":{\"@id\":\"https:\\\/\\\/www.mvgarden.com\\\/garden-center\\\/agenda-cuidados-consejos-las-plantas-jardin-terraza-huerta-marzo\\\/#primaryimage\"},\"thumbnailUrl\":\"https:\\\/\\\/www.mvgarden.com\\\/garden-center\\\/wp-content\\\/uploads\\\/2019\\\/03\\\/torino-campana.i1-scaled.jpg\",\"datePublished\":\"2019-03-02T17:28:22+00:00\",\"dateModified\":\"2021-07-20T10:08:40+00:00\",\"breadcrumb\":{\"@id\":\"https:\\\/\\\/www.mvgarden.com\\\/garden-center\\\/agenda-cuidados-consejos-las-plantas-jardin-terraza-huerta-marzo\\\/#breadcrumb\"},\"inLanguage\":\"es\",\"potentialAction\":[{\"@type\":\"ReadAction\",\"target\":[\"https:\\\/\\\/www.mvgarden.com\\\/garden-center\\\/agenda-cuidados-consejos-las-plantas-jardin-terraza-huerta-marzo\\\/\"]}]},{\"@type\":\"ImageObject\",\"inLanguage\":\"es\",\"@id\":\"https:\\\/\\\/www.mvgarden.com\\\/garden-center\\\/agenda-cuidados-consejos-las-plantas-jardin-terraza-huerta-marzo\\\/#primaryimage\",\"url\":\"https:\\\/\\\/www.mvgarden.com\\\/garden-center\\\/wp-content\\\/uploads\\\/2019\\\/03\\\/torino-campana.i1-scaled.jpg\",\"contentUrl\":\"https:\\\/\\\/www.mvgarden.com\\\/garden-center\\\/wp-content\\\/uploads\\\/2019\\\/03\\\/torino-campana.i1-scaled.jpg\",\"width\":3500,\"height\":2333},{\"@type\":\"BreadcrumbList\",\"@id\":\"https:\\\/\\\/www.mvgarden.com\\\/garden-center\\\/agenda-cuidados-consejos-las-plantas-jardin-terraza-huerta-marzo\\\/#breadcrumb\",\"itemListElement\":[{\"@type\":\"ListItem\",\"position\":1,\"name\":\"Portada\",\"item\":\"https:\\\/\\\/www.mvgarden.com\\\/garden-center\\\/\"},{\"@type\":\"ListItem\",\"position\":2,\"name\":\"Agenda de cuidados y consejos de las plantas, jard\u00edn &#038; terraza, huerta en Marzo\"}]},{\"@type\":\"WebSite\",\"@id\":\"https:\\\/\\\/www.mvgarden.com\\\/garden-center\\\/#website\",\"url\":\"https:\\\/\\\/www.mvgarden.com\\\/garden-center\\\/\",\"name\":\"Garden Center\",\"description\":\"Garden center Sopela\",\"publisher\":{\"@id\":\"https:\\\/\\\/www.mvgarden.com\\\/garden-center\\\/#organization\"},\"potentialAction\":[{\"@type\":\"SearchAction\",\"target\":{\"@type\":\"EntryPoint\",\"urlTemplate\":\"https:\\\/\\\/www.mvgarden.com\\\/garden-center\\\/?s={search_term_string}\"},\"query-input\":{\"@type\":\"PropertyValueSpecification\",\"valueRequired\":true,\"valueName\":\"search_term_string\"}}],\"inLanguage\":\"es\"},{\"@type\":\"Organization\",\"@id\":\"https:\\\/\\\/www.mvgarden.com\\\/garden-center\\\/#organization\",\"name\":\"Garden Center\",\"url\":\"https:\\\/\\\/www.mvgarden.com\\\/garden-center\\\/\",\"logo\":{\"@type\":\"ImageObject\",\"inLanguage\":\"es\",\"@id\":\"https:\\\/\\\/www.mvgarden.com\\\/garden-center\\\/#\\\/schema\\\/logo\\\/image\\\/\",\"url\":\"https:\\\/\\\/www.mvgarden.com\\\/garden-center\\\/wp-content\\\/uploads\\\/2024\\\/05\\\/logo_mv_form.png\",\"contentUrl\":\"https:\\\/\\\/www.mvgarden.com\\\/garden-center\\\/wp-content\\\/uploads\\\/2024\\\/05\\\/logo_mv_form.png\",\"width\":127,\"height\":97,\"caption\":\"Garden Center\"},\"image\":{\"@id\":\"https:\\\/\\\/www.mvgarden.com\\\/garden-center\\\/#\\\/schema\\\/logo\\\/image\\\/\"},\"sameAs\":[\"https:\\\/\\\/www.facebook.com\\\/mvgarden.sopelana\\\/\",\"https:\\\/\\\/www.instagram.com\\\/gardencentersopela\"]},{\"@type\":\"Person\",\"@id\":\"https:\\\/\\\/www.mvgarden.com\\\/garden-center\\\/#\\\/schema\\\/person\\\/6cf644e40ad2a6e6cec5f4de3d1a77ba\",\"name\":\"oscarmv\",\"url\":\"https:\\\/\\\/www.mvgarden.com\\\/garden-center\\\/author\\\/oscarmv\\\/\"}]}<\/script>\n<!-- \/ Yoast SEO plugin. -->","yoast_head_json":{"title":"Agenda de cuidados y consejos de las plantas, jard\u00edn & terraza, huerta en Marzo - Mvgarden","robots":{"index":"index","follow":"follow","max-snippet":"max-snippet:-1","max-image-preview":"max-image-preview:large","max-video-preview":"max-video-preview:-1"},"canonical":"https:\/\/www.mvgarden.com\/garden-center\/agenda-cuidados-consejos-las-plantas-jardin-terraza-huerta-marzo\/","og_locale":"es_ES","og_type":"article","og_title":"Agenda de cuidados y consejos de las plantas, jard\u00edn & terraza, huerta en Marzo - Mvgarden","og_description":"Consejos y cuidados de las plantas, jard\u00edn, terraza y huerta La Naturaleza revive con fuerza y el espect\u00e1culo floral de la primavera empieza a deslumbrar. Todos los trabajos que les dediques ahora al jard\u00edn y la terraza se traducir\u00e1n en muchos meses de belleza. TAREAS GENERALES DEL MES \u2713 El calor aumenta y el riesgo [&hellip;]","og_url":"https:\/\/www.mvgarden.com\/garden-center\/agenda-cuidados-consejos-las-plantas-jardin-terraza-huerta-marzo\/","og_site_name":"Mvgarden","article_publisher":"https:\/\/www.facebook.com\/mvgarden.sopelana\/","article_published_time":"2019-03-02T17:28:22+00:00","article_modified_time":"2021-07-20T10:08:40+00:00","og_image":[{"width":767,"height":511,"url":"https:\/\/www.mvgarden.com\/garden-center\/wp-content\/uploads\/2019\/03\/torino-campana.i1-767x511.jpg","type":"image\/jpeg"}],"author":"oscarmv","twitter_card":"summary_large_image","twitter_misc":{"Escrito por":"oscarmv","Tiempo de lectura":"5 minutos"},"schema":{"@context":"https:\/\/schema.org","@graph":[{"@type":"Article","@id":"https:\/\/www.mvgarden.com\/garden-center\/agenda-cuidados-consejos-las-plantas-jardin-terraza-huerta-marzo\/#article","isPartOf":{"@id":"https:\/\/www.mvgarden.com\/garden-center\/agenda-cuidados-consejos-las-plantas-jardin-terraza-huerta-marzo\/"},"author":{"name":"oscarmv","@id":"https:\/\/www.mvgarden.com\/garden-center\/#\/schema\/person\/6cf644e40ad2a6e6cec5f4de3d1a77ba"},"headline":"Agenda de cuidados y consejos de las plantas, jard\u00edn &#038; terraza, huerta en Marzo","datePublished":"2019-03-02T17:28:22+00:00","dateModified":"2021-07-20T10:08:40+00:00","mainEntityOfPage":{"@id":"https:\/\/www.mvgarden.com\/garden-center\/agenda-cuidados-consejos-las-plantas-jardin-terraza-huerta-marzo\/"},"wordCount":1002,"publisher":{"@id":"https:\/\/www.mvgarden.com\/garden-center\/#organization"},"image":{"@id":"https:\/\/www.mvgarden.com\/garden-center\/agenda-cuidados-consejos-las-plantas-jardin-terraza-huerta-marzo\/#primaryimage"},"thumbnailUrl":"https:\/\/www.mvgarden.com\/garden-center\/wp-content\/uploads\/2019\/03\/torino-campana.i1-scaled.jpg","keywords":["C\u00e9sped del jard\u00edn","Consejos jardiner\u00eda","Huerta"],"articleSection":["Plantas y flores"],"inLanguage":"es"},{"@type":"WebPage","@id":"https:\/\/www.mvgarden.com\/garden-center\/agenda-cuidados-consejos-las-plantas-jardin-terraza-huerta-marzo\/","url":"https:\/\/www.mvgarden.com\/garden-center\/agenda-cuidados-consejos-las-plantas-jardin-terraza-huerta-marzo\/","name":"Agenda de cuidados y consejos de las plantas, jard\u00edn & terraza, huerta en Marzo - Mvgarden","isPartOf":{"@id":"https:\/\/www.mvgarden.com\/garden-center\/#website"},"primaryImageOfPage":{"@id":"https:\/\/www.mvgarden.com\/garden-center\/agenda-cuidados-consejos-las-plantas-jardin-terraza-huerta-marzo\/#primaryimage"},"image":{"@id":"https:\/\/www.mvgarden.com\/garden-center\/agenda-cuidados-consejos-las-plantas-jardin-terraza-huerta-marzo\/#primaryimage"},"thumbnailUrl":"https:\/\/www.mvgarden.com\/garden-center\/wp-content\/uploads\/2019\/03\/torino-campana.i1-scaled.jpg","datePublished":"2019-03-02T17:28:22+00:00","dateModified":"2021-07-20T10:08:40+00:00","breadcrumb":{"@id":"https:\/\/www.mvgarden.com\/garden-center\/agenda-cuidados-consejos-las-plantas-jardin-terraza-huerta-marzo\/#breadcrumb"},"inLanguage":"es","potentialAction":[{"@type":"ReadAction","target":["https:\/\/www.mvgarden.com\/garden-center\/agenda-cuidados-consejos-las-plantas-jardin-terraza-huerta-marzo\/"]}]},{"@type":"ImageObject","inLanguage":"es","@id":"https:\/\/www.mvgarden.com\/garden-center\/agenda-cuidados-consejos-las-plantas-jardin-terraza-huerta-marzo\/#primaryimage","url":"https:\/\/www.mvgarden.com\/garden-center\/wp-content\/uploads\/2019\/03\/torino-campana.i1-scaled.jpg","contentUrl":"https:\/\/www.mvgarden.com\/garden-center\/wp-content\/uploads\/2019\/03\/torino-campana.i1-scaled.jpg","width":3500,"height":2333},{"@type":"BreadcrumbList","@id":"https:\/\/www.mvgarden.com\/garden-center\/agenda-cuidados-consejos-las-plantas-jardin-terraza-huerta-marzo\/#breadcrumb","itemListElement":[{"@type":"ListItem","position":1,"name":"Portada","item":"https:\/\/www.mvgarden.com\/garden-center\/"},{"@type":"ListItem","position":2,"name":"Agenda de cuidados y consejos de las plantas, jard\u00edn &#038; terraza, huerta en Marzo"}]},{"@type":"WebSite","@id":"https:\/\/www.mvgarden.com\/garden-center\/#website","url":"https:\/\/www.mvgarden.com\/garden-center\/","name":"Garden Center","description":"Garden center Sopela","publisher":{"@id":"https:\/\/www.mvgarden.com\/garden-center\/#organization"},"potentialAction":[{"@type":"SearchAction","target":{"@type":"EntryPoint","urlTemplate":"https:\/\/www.mvgarden.com\/garden-center\/?s={search_term_string}"},"query-input":{"@type":"PropertyValueSpecification","valueRequired":true,"valueName":"search_term_string"}}],"inLanguage":"es"},{"@type":"Organization","@id":"https:\/\/www.mvgarden.com\/garden-center\/#organization","name":"Garden Center","url":"https:\/\/www.mvgarden.com\/garden-center\/","logo":{"@type":"ImageObject","inLanguage":"es","@id":"https:\/\/www.mvgarden.com\/garden-center\/#\/schema\/logo\/image\/","url":"https:\/\/www.mvgarden.com\/garden-center\/wp-content\/uploads\/2024\/05\/logo_mv_form.png","contentUrl":"https:\/\/www.mvgarden.com\/garden-center\/wp-content\/uploads\/2024\/05\/logo_mv_form.png","width":127,"height":97,"caption":"Garden Center"},"image":{"@id":"https:\/\/www.mvgarden.com\/garden-center\/#\/schema\/logo\/image\/"},"sameAs":["https:\/\/www.facebook.com\/mvgarden.sopelana\/","https:\/\/www.instagram.com\/gardencentersopela"]},{"@type":"Person","@id":"https:\/\/www.mvgarden.com\/garden-center\/#\/schema\/person\/6cf644e40ad2a6e6cec5f4de3d1a77ba","name":"oscarmv","url":"https:\/\/www.mvgarden.com\/garden-center\/author\/oscarmv\/"}]}},"_links":{"self":[{"href":"https:\/\/www.mvgarden.com\/garden-center\/wp-json\/wp\/v2\/posts\/5842","targetHints":{"allow":["GET"]}}],"collection":[{"href":"https:\/\/www.mvgarden.com\/garden-center\/wp-json\/wp\/v2\/posts"}],"about":[{"href":"https:\/\/www.mvgarden.com\/garden-center\/wp-json\/wp\/v2\/types\/post"}],"author":[{"embeddable":true,"href":"https:\/\/www.mvgarden.com\/garden-center\/wp-json\/wp\/v2\/users\/2"}],"replies":[{"embeddable":true,"href":"https:\/\/www.mvgarden.com\/garden-center\/wp-json\/wp\/v2\/comments?post=5842"}],"version-history":[{"count":2,"href":"https:\/\/www.mvgarden.com\/garden-center\/wp-json\/wp\/v2\/posts\/5842\/revisions"}],"predecessor-version":[{"id":8187,"href":"https:\/\/www.mvgarden.com\/garden-center\/wp-json\/wp\/v2\/posts\/5842\/revisions\/8187"}],"wp:featuredmedia":[{"embeddable":true,"href":"https:\/\/www.mvgarden.com\/garden-center\/wp-json\/wp\/v2\/media\/5843"}],"wp:attachment":[{"href":"https:\/\/www.mvgarden.com\/garden-center\/wp-json\/wp\/v2\/media?parent=5842"}],"wp:term":[{"taxonomy":"category","embeddable":true,"href":"https:\/\/www.mvgarden.com\/garden-center\/wp-json\/wp\/v2\/categories?post=5842"},{"taxonomy":"post_tag","embeddable":true,"href":"https:\/\/www.mvgarden.com\/garden-center\/wp-json\/wp\/v2\/tags?post=5842"}],"curies":[{"name":"wp","href":"https:\/\/api.w.org\/{rel}","templated":true}]}}