{"id":5866,"date":"2019-07-02T16:22:57","date_gmt":"2019-07-02T16:22:57","guid":{"rendered":"https:\/\/www.mvgarden.com\/garden-center\/sin-categoria\/agenda-cuidados-consejos-las-plantas-jardin-terraza-huerta-julio\/"},"modified":"2021-07-20T09:42:39","modified_gmt":"2021-07-20T09:42:39","slug":"agenda-cuidados-consejos-las-plantas-jardin-terraza-huerta-julio","status":"publish","type":"post","link":"https:\/\/www.mvgarden.com\/garden-center\/agenda-cuidados-consejos-las-plantas-jardin-terraza-huerta-julio\/","title":{"rendered":"Agenda de cuidados y consejos de las plantas, jard\u00edn &#038; terraza, huerta en Julio"},"content":{"rendered":"<div id=\"navegacion\">Consejos y cuidados de las plantas, jard\u00edn, terraza y huerta<\/div>\n<div>\n<p class=\"entradilla_agenda\">\u201cPor San Ferm\u00edn el calor no tiene fin\u201d, dice el refr\u00e1n. La \u00faltima quincena de julio y la primera de agosto suponen un claro desaf\u00edo a la resistencia de las plantas. El riego es crucial. Las noches suponen un alivio para el jard\u00edn y la terraza&#8230; \u00a1y el momento ideal para disfrutarlos!<\/p>\n<p><span class=\"revista\">TAREAS GENERALES DEL MES<\/span><\/p>\n<div id=\"linea\">\n<div id=\"texto_agenda\">\n<p><strong>\u2713 El riego es de m\u00e1xima importancia en julio.<\/strong> Utiliza aspersi\u00f3n para el c\u00e9sped; goteo para los arbustos, anuales y vivaces, setos y \u00e1rboles, y regadera o inmersi\u00f3n (seg\u00fan) para algunas plantas de interior.<\/p>\n<p><strong>\u2713 Abonar las plantas de flor.<\/strong> Est\u00e1n a pleno rendimiento, de modo que necesitar\u00e1n un abonado rico en f\u00f3sforo y potasio y\u00a0bajo en nitr\u00f3geno.<\/p>\n<p><strong>\u2713 Las plagas y hongos, a raya. <\/strong>El control de plagas y enfermedades sigue siendo clave. En lo posible, utiliza plaguicidas sist\u00e9micos y fungicidas de amplio espectro.<\/p>\n<p><strong>\u2713 Eliminar las malas hierbas.<\/strong> La escarda de malas hierbas no se debe descuidar. En algunos casos convendr\u00e1 usar un herbicida; pide consejo en tu centro de jardiner\u00eda.<\/p>\n<\/div>\n<\/div>\n<p class=\"entradilla_agenda\">\n<\/div>\n<div><\/div>\n<div id=\"contenido_reportaje\">\n<div id=\"linea\">\n<div id=\"linea\">\n<div id=\"linea\">\n<h2><img decoding=\"async\" src=\"https:\/\/www.mvgarden.com\/garden-center\/wp-content\/uploads\/2021\/07\/ico_agenda_1.gif\" width=\"68\" height=\"41\" border=\"0\" \/>\u00c1rboles, arbustos y trepadoras<\/h2>\n<div id=\"solapa\">\n<p><strong>Aclara arbustos y trepadoras<\/strong><\/p>\n<p>Libera los \u00e1rboles, arbustos y trepadoras de las ramas secas, d\u00e9biles o enmara\u00f1adas.\u00a0Las tijeras deben estar bien limpias y afiladas para no provocar desgarros. Escoge la herramienta adecuada seg\u00fan el grosor de las ramas.<\/p>\n<p><strong>Obt\u00e9n esquejes<\/strong><\/p>\n<p>Julio y agosto son meses ideales para hacer esquejes semile\u00f1osos de <strong>lagerstroemias, adelfas, fucsias, hortensias, madreselvas, geranios, <\/strong>y de las <strong>esp\u00edreas<\/strong> que florecieron en primavera. Escoge las ramas m\u00e1s vigorosas, dales un corte limpio, unta el extremo con hormonas de arraigo y pl\u00e1ntalas enseguida.<\/p>\n<p><strong>Recorta las arom\u00e1ticas<\/strong><\/p>\n<p>Poda las espigas de flores viejas de las arom\u00e1ticas y tres a cuatro cent\u00edmetros del \u00faltimo crecimiento para que sigan floreciendo. Con las espigas secas aprovecha para hacer saquitos perfumados.<\/p>\n<p><strong>Haz un alcorque a los \u00e1rboles<\/strong><\/p>\n<p>Cavar un alcorque en torno al tronco de los \u00e1rboles har\u00e1 que aprovechen mejor la lluvia y el riego. Vigila que no se llene de malas hierbas; para ello, lo mejor es acolcharlo con corteza de pino o alg\u00fan \u00e1rido. Antes de irte de vacaciones ri\u00e9galos bien; haz lo mismo con los arbustos que hayas plantado este a\u00f1o.<\/p>\n<p>&nbsp;<\/p>\n<\/div>\n<h2><img decoding=\"async\" src=\"https:\/\/www.mvgarden.com\/garden-center\/wp-content\/uploads\/2021\/07\/ico_agenda_2.gif\" width=\"68\" height=\"41\" border=\"0\" \/>Plantas de flor<\/h2>\n<div id=\"solapa_1\">\n<p><strong>Prot\u00e9gelas del golpe de calor<\/strong><\/p>\n<p>Como herb\u00e1ceas que son, est\u00e1n m\u00e1s expuestas al golpe de calor, de efectos letales. Por ello, en estos d\u00edas tan calientes no descuides el riego.<\/p>\n<p><strong>Controla la polilla del geranio<\/strong><\/p>\n<p>Geranios, gitanillas y dem\u00e1s pelargonios sufren en esta \u00e9poca la amenaza de la oruga de la polilla del geranio<em> (Cacyreus marshalli).\u00a0<\/em>El insecto pone los huevos en las corolas y las larvas devoran el coraz\u00f3n de los tallos, causando la muerte de las plantas. Para prevenir sus da\u00f1os, act\u00faa de forma preventiva o\u00a0en los primeros estadios larvarios. Puedes usar<a href=\"http:\/\/www.mvgarden.com\/accesorios-plantas\/tierras-abonos-boticas\/tratamiento-plagas\/insecticidas-repelentes\/compo-insecticida-biologico-24-gr.html\"> insecticidas biol\u00f3gicos<\/a> basados en el extracto de neem o las esporas y toxinas del<em> Bacillus thuringiensis<\/em>\u2018Kurstaki\u2019 o<\/p>\n<p><strong>Elimina las flores viejas<\/strong><\/p>\n<p>Si quieres alargar la floraci\u00f3n de las vivaces y anuales, p\u00ednzalas a medida que vayan muriendo las flores.<\/p>\n<p><strong>Entutora dalias, gladiolos&#8230;<\/strong><\/p>\n<p>Las plantas altas y de tallos delgados que sostienen grandes flores, como las <strong>dalias, peon\u00edas, gladiolos, azucenas, ca\u00f1as de las Indias,<\/strong> e incluso las <strong>margaritas,<\/strong> necesitan que les coloques tutores.<\/p>\n<p><strong>Previene el golpe de calor<\/strong><\/p>\n<p>Defiende a tus plantas de flor (recuerda que son herb\u00e1ceas) del efecto de las altas temperaturas asegur\u00e1ndoles la provisi\u00f3n de agua necesaria. Solo as\u00ed ser\u00e1n capaces de resistir una brusca subida del term\u00f3metro.<\/p>\n<p class=\"titulo_solapa\">\n<\/div>\n<div id=\"solapa_1\">\n<h2><img decoding=\"async\" src=\"https:\/\/www.mvgarden.com\/garden-center\/wp-content\/uploads\/2021\/07\/ico_agenda_3.gif\" width=\"68\" height=\"41\" border=\"0\" \/>Plantas de interior<\/h2>\n<p><strong>Aseg\u00farales una buena hidrataci\u00f3n<\/strong><\/p>\n<p>Un fin de semana de verano sin agua suficiente puede dejarte sin tus plantas de interior. Si te ausentas, aseg\u00farales la necesaria hidrataci\u00f3n. No todas precisan la misma cantidad de agua, pero en general evita el exceso de riego y sobre todo el encharcamiento, que propicia la aparici\u00f3n de pat\u00f3genos. Agr\u00fapalas para generar un microclima m\u00e1s h\u00famedo, y no dejes de pulverizarlas con agua destilada o descalcificada al menos un par de veces al d\u00eda. Si sales de vacaciones lee nuestras recomendaciones en la agenda de agosto.<\/p>\n<p><strong>Impide que las ataque la ara\u00f1a roja<\/strong><\/p>\n<p>Si el follaje est\u00e1 bien humectado mantendr\u00e1s a raya a la ara\u00f1a roja, un \u00e1caro que medra gracias al calor y la sequedad ambiental. Sabr\u00e1s que ha atacado cuando las hojas comiencen a perder color y secarse; en el env\u00e9s podr\u00e1s observar unas fin\u00edsimas telas con las min\u00fasculas ara\u00f1as. Roc\u00edalas con agua; si no se van, aplica un acaricida.<\/p>\n<p><strong>Deja de abonarlas<\/strong><\/p>\n<p>En julio y agosto suspende los aportes de fertilizante a tus plantas de interior; deber\u00e1s reiniciarlos en septiembre.<\/p>\n<p>&nbsp;<\/p>\n<h2><img decoding=\"async\" src=\"https:\/\/www.mvgarden.com\/garden-center\/wp-content\/uploads\/2021\/07\/ico_agenda_4.gif\" width=\"68\" height=\"41\" border=\"0\" \/>Huerto<\/h2>\n<p><strong>Tiempo de cosecha<\/strong><\/p>\n<p>Ya empieza a haber <strong>melocotones, albaricoques <\/strong>y<strong> ciruelas<\/strong> maduros en los \u00e1rboles, y <strong>melones, sand\u00edas, jud\u00edas verdes, patatas tard\u00edas, cebollas, nabos, zanahorias, lechugas, tomates, calabacines<\/strong> y <strong>pepinos en el huerto\u2026<\/strong>\u00a0Si has aplicado productos fitosanitarios respeta el periodo de seguridad antes de consumir los frutos y hortalizas.<\/p>\n<p>No te olvides de entutorar las tomateras y pimenteras.<\/p>\n<p class=\"titulo_solapa\">\n<\/div>\n<\/div>\n<div>\n<div id=\"solapa_3\">\n<h2><img decoding=\"async\" src=\"https:\/\/www.mvgarden.com\/garden-center\/wp-content\/uploads\/2021\/07\/ico_agenda_5.gif\" width=\"68\" height=\"41\" border=\"0\" \/>Cesp\u00e9d<\/h2>\n<\/div>\n<\/div>\n<\/div>\n<\/div>\n<\/div>\n<p><strong>Defiende el c\u00e9sped del calor<\/strong><\/p>\n<p>Si tienes un c\u00e9sped cl\u00e1sico, pasa el cortac\u00e9sped con menor frecuencia y deja la hierba m\u00e1s alta para evitar que amarillee. Vigila que no le falte riego, y \u00a0si no hiciera tanto calor conviene actuar como en junio.<\/p>\n<div><b><\/b><strong>Antes de salir de vacaciones<\/strong><\/div>\n<p>Siega el c\u00e9sped antes de ausentarte, pero dejando dos tercios de la altura: as\u00ed aguantar\u00e1 mejor el efecto del sol durante un par de semanas. P\u00e1sale el rodillo de p\u00faas o escarificador para que absorba bien el agua, y revisa el sistema de riego y los aspersores.<\/p>\n<p class=\"titulo_solapa\">Fuente: <em>Verde es vida . www.verdeesvida.es<\/em><\/p>\n","protected":false},"excerpt":{"rendered":"<p>Consejos y cuidados de las plantas, jard\u00edn, terraza y huerta \u201cPor San Ferm\u00edn el calor no tiene fin\u201d, dice el refr\u00e1n. La \u00faltima quincena de julio y la primera de agosto suponen un claro desaf\u00edo a la resistencia de las plantas. El riego es crucial. Las noches suponen un alivio para el jard\u00edn y la [&hellip;]<\/p>\n","protected":false},"author":2,"featured_media":4913,"comment_status":"closed","ping_status":"open","sticky":false,"template":"","format":"standard","meta":{"inline_featured_image":false,"footnotes":""},"categories":[34],"tags":[111,159,158],"class_list":["post-5866","post","type-post","status-publish","format-standard","has-post-thumbnail","hentry","category-plantas-y-flores","tag-cesped-del-jardin","tag-cosecha","tag-huerta"],"yoast_head":"<!-- This site is optimized with the Yoast SEO plugin v27.4 - https:\/\/yoast.com\/product\/yoast-seo-wordpress\/ -->\n<title>Agenda de cuidados y consejos de las plantas, jard\u00edn &amp; terraza, huerta en Julio - Mvgarden<\/title>\n<meta name=\"robots\" content=\"index, follow, max-snippet:-1, max-image-preview:large, max-video-preview:-1\" \/>\n<link rel=\"canonical\" href=\"https:\/\/www.mvgarden.com\/garden-center\/agenda-cuidados-consejos-las-plantas-jardin-terraza-huerta-julio\/\" \/>\n<meta property=\"og:locale\" content=\"es_ES\" \/>\n<meta property=\"og:type\" content=\"article\" \/>\n<meta property=\"og:title\" content=\"Agenda de cuidados y consejos de las plantas, jard\u00edn &amp; terraza, huerta en Julio - Mvgarden\" \/>\n<meta property=\"og:description\" content=\"Consejos y cuidados de las plantas, jard\u00edn, terraza y huerta \u201cPor San Ferm\u00edn el calor no tiene fin\u201d, dice el refr\u00e1n. La \u00faltima quincena de julio y la primera de agosto suponen un claro desaf\u00edo a la resistencia de las plantas. El riego es crucial. Las noches suponen un alivio para el jard\u00edn y la [&hellip;]\" \/>\n<meta property=\"og:url\" content=\"https:\/\/www.mvgarden.com\/garden-center\/agenda-cuidados-consejos-las-plantas-jardin-terraza-huerta-julio\/\" \/>\n<meta property=\"og:site_name\" content=\"Mvgarden\" \/>\n<meta property=\"article:publisher\" content=\"https:\/\/www.facebook.com\/mvgarden.sopelana\/\" \/>\n<meta property=\"article:published_time\" content=\"2019-07-02T16:22:57+00:00\" \/>\n<meta property=\"article:modified_time\" content=\"2021-07-20T09:42:39+00:00\" \/>\n<meta property=\"og:image\" content=\"https:\/\/www.mvgarden.com\/garden-center\/wp-content\/uploads\/2018\/07\/geraneos.jpg\" \/>\n\t<meta property=\"og:image:width\" content=\"570\" \/>\n\t<meta property=\"og:image:height\" content=\"427\" \/>\n\t<meta property=\"og:image:type\" content=\"image\/jpeg\" \/>\n<meta name=\"author\" content=\"oscarmv\" \/>\n<meta name=\"twitter:card\" content=\"summary_large_image\" \/>\n<meta name=\"twitter:label1\" content=\"Escrito por\" \/>\n\t<meta name=\"twitter:data1\" content=\"oscarmv\" \/>\n\t<meta name=\"twitter:label2\" content=\"Tiempo de lectura\" \/>\n\t<meta name=\"twitter:data2\" content=\"5 minutos\" \/>\n<script type=\"application\/ld+json\" class=\"yoast-schema-graph\">{\"@context\":\"https:\\\/\\\/schema.org\",\"@graph\":[{\"@type\":\"Article\",\"@id\":\"https:\\\/\\\/www.mvgarden.com\\\/garden-center\\\/agenda-cuidados-consejos-las-plantas-jardin-terraza-huerta-julio\\\/#article\",\"isPartOf\":{\"@id\":\"https:\\\/\\\/www.mvgarden.com\\\/garden-center\\\/agenda-cuidados-consejos-las-plantas-jardin-terraza-huerta-julio\\\/\"},\"author\":{\"name\":\"oscarmv\",\"@id\":\"https:\\\/\\\/www.mvgarden.com\\\/garden-center\\\/#\\\/schema\\\/person\\\/6cf644e40ad2a6e6cec5f4de3d1a77ba\"},\"headline\":\"Agenda de cuidados y consejos de las plantas, jard\u00edn &#038; terraza, huerta en Julio\",\"datePublished\":\"2019-07-02T16:22:57+00:00\",\"dateModified\":\"2021-07-20T09:42:39+00:00\",\"mainEntityOfPage\":{\"@id\":\"https:\\\/\\\/www.mvgarden.com\\\/garden-center\\\/agenda-cuidados-consejos-las-plantas-jardin-terraza-huerta-julio\\\/\"},\"wordCount\":1013,\"publisher\":{\"@id\":\"https:\\\/\\\/www.mvgarden.com\\\/garden-center\\\/#organization\"},\"image\":{\"@id\":\"https:\\\/\\\/www.mvgarden.com\\\/garden-center\\\/agenda-cuidados-consejos-las-plantas-jardin-terraza-huerta-julio\\\/#primaryimage\"},\"thumbnailUrl\":\"https:\\\/\\\/www.mvgarden.com\\\/garden-center\\\/wp-content\\\/uploads\\\/2018\\\/07\\\/geraneos.jpg\",\"keywords\":[\"C\u00e9sped del jard\u00edn\",\"Cosecha\",\"Huerta\"],\"articleSection\":[\"Plantas y flores\"],\"inLanguage\":\"es\"},{\"@type\":\"WebPage\",\"@id\":\"https:\\\/\\\/www.mvgarden.com\\\/garden-center\\\/agenda-cuidados-consejos-las-plantas-jardin-terraza-huerta-julio\\\/\",\"url\":\"https:\\\/\\\/www.mvgarden.com\\\/garden-center\\\/agenda-cuidados-consejos-las-plantas-jardin-terraza-huerta-julio\\\/\",\"name\":\"Agenda de cuidados y consejos de las plantas, jard\u00edn & terraza, huerta en Julio - Mvgarden\",\"isPartOf\":{\"@id\":\"https:\\\/\\\/www.mvgarden.com\\\/garden-center\\\/#website\"},\"primaryImageOfPage\":{\"@id\":\"https:\\\/\\\/www.mvgarden.com\\\/garden-center\\\/agenda-cuidados-consejos-las-plantas-jardin-terraza-huerta-julio\\\/#primaryimage\"},\"image\":{\"@id\":\"https:\\\/\\\/www.mvgarden.com\\\/garden-center\\\/agenda-cuidados-consejos-las-plantas-jardin-terraza-huerta-julio\\\/#primaryimage\"},\"thumbnailUrl\":\"https:\\\/\\\/www.mvgarden.com\\\/garden-center\\\/wp-content\\\/uploads\\\/2018\\\/07\\\/geraneos.jpg\",\"datePublished\":\"2019-07-02T16:22:57+00:00\",\"dateModified\":\"2021-07-20T09:42:39+00:00\",\"breadcrumb\":{\"@id\":\"https:\\\/\\\/www.mvgarden.com\\\/garden-center\\\/agenda-cuidados-consejos-las-plantas-jardin-terraza-huerta-julio\\\/#breadcrumb\"},\"inLanguage\":\"es\",\"potentialAction\":[{\"@type\":\"ReadAction\",\"target\":[\"https:\\\/\\\/www.mvgarden.com\\\/garden-center\\\/agenda-cuidados-consejos-las-plantas-jardin-terraza-huerta-julio\\\/\"]}]},{\"@type\":\"ImageObject\",\"inLanguage\":\"es\",\"@id\":\"https:\\\/\\\/www.mvgarden.com\\\/garden-center\\\/agenda-cuidados-consejos-las-plantas-jardin-terraza-huerta-julio\\\/#primaryimage\",\"url\":\"https:\\\/\\\/www.mvgarden.com\\\/garden-center\\\/wp-content\\\/uploads\\\/2018\\\/07\\\/geraneos.jpg\",\"contentUrl\":\"https:\\\/\\\/www.mvgarden.com\\\/garden-center\\\/wp-content\\\/uploads\\\/2018\\\/07\\\/geraneos.jpg\",\"width\":570,\"height\":427,\"caption\":\"Corales y marinos\"},{\"@type\":\"BreadcrumbList\",\"@id\":\"https:\\\/\\\/www.mvgarden.com\\\/garden-center\\\/agenda-cuidados-consejos-las-plantas-jardin-terraza-huerta-julio\\\/#breadcrumb\",\"itemListElement\":[{\"@type\":\"ListItem\",\"position\":1,\"name\":\"Portada\",\"item\":\"https:\\\/\\\/www.mvgarden.com\\\/garden-center\\\/\"},{\"@type\":\"ListItem\",\"position\":2,\"name\":\"Agenda de cuidados y consejos de las plantas, jard\u00edn &#038; terraza, huerta en Julio\"}]},{\"@type\":\"WebSite\",\"@id\":\"https:\\\/\\\/www.mvgarden.com\\\/garden-center\\\/#website\",\"url\":\"https:\\\/\\\/www.mvgarden.com\\\/garden-center\\\/\",\"name\":\"Garden Center\",\"description\":\"Garden center Sopela\",\"publisher\":{\"@id\":\"https:\\\/\\\/www.mvgarden.com\\\/garden-center\\\/#organization\"},\"potentialAction\":[{\"@type\":\"SearchAction\",\"target\":{\"@type\":\"EntryPoint\",\"urlTemplate\":\"https:\\\/\\\/www.mvgarden.com\\\/garden-center\\\/?s={search_term_string}\"},\"query-input\":{\"@type\":\"PropertyValueSpecification\",\"valueRequired\":true,\"valueName\":\"search_term_string\"}}],\"inLanguage\":\"es\"},{\"@type\":\"Organization\",\"@id\":\"https:\\\/\\\/www.mvgarden.com\\\/garden-center\\\/#organization\",\"name\":\"Garden Center\",\"url\":\"https:\\\/\\\/www.mvgarden.com\\\/garden-center\\\/\",\"logo\":{\"@type\":\"ImageObject\",\"inLanguage\":\"es\",\"@id\":\"https:\\\/\\\/www.mvgarden.com\\\/garden-center\\\/#\\\/schema\\\/logo\\\/image\\\/\",\"url\":\"https:\\\/\\\/www.mvgarden.com\\\/garden-center\\\/wp-content\\\/uploads\\\/2024\\\/05\\\/logo_mv_form.png\",\"contentUrl\":\"https:\\\/\\\/www.mvgarden.com\\\/garden-center\\\/wp-content\\\/uploads\\\/2024\\\/05\\\/logo_mv_form.png\",\"width\":127,\"height\":97,\"caption\":\"Garden Center\"},\"image\":{\"@id\":\"https:\\\/\\\/www.mvgarden.com\\\/garden-center\\\/#\\\/schema\\\/logo\\\/image\\\/\"},\"sameAs\":[\"https:\\\/\\\/www.facebook.com\\\/mvgarden.sopelana\\\/\",\"https:\\\/\\\/www.instagram.com\\\/gardencentersopela\"]},{\"@type\":\"Person\",\"@id\":\"https:\\\/\\\/www.mvgarden.com\\\/garden-center\\\/#\\\/schema\\\/person\\\/6cf644e40ad2a6e6cec5f4de3d1a77ba\",\"name\":\"oscarmv\",\"url\":\"https:\\\/\\\/www.mvgarden.com\\\/garden-center\\\/author\\\/oscarmv\\\/\"}]}<\/script>\n<!-- \/ Yoast SEO plugin. -->","yoast_head_json":{"title":"Agenda de cuidados y consejos de las plantas, jard\u00edn & terraza, huerta en Julio - Mvgarden","robots":{"index":"index","follow":"follow","max-snippet":"max-snippet:-1","max-image-preview":"max-image-preview:large","max-video-preview":"max-video-preview:-1"},"canonical":"https:\/\/www.mvgarden.com\/garden-center\/agenda-cuidados-consejos-las-plantas-jardin-terraza-huerta-julio\/","og_locale":"es_ES","og_type":"article","og_title":"Agenda de cuidados y consejos de las plantas, jard\u00edn & terraza, huerta en Julio - Mvgarden","og_description":"Consejos y cuidados de las plantas, jard\u00edn, terraza y huerta \u201cPor San Ferm\u00edn el calor no tiene fin\u201d, dice el refr\u00e1n. La \u00faltima quincena de julio y la primera de agosto suponen un claro desaf\u00edo a la resistencia de las plantas. El riego es crucial. Las noches suponen un alivio para el jard\u00edn y la [&hellip;]","og_url":"https:\/\/www.mvgarden.com\/garden-center\/agenda-cuidados-consejos-las-plantas-jardin-terraza-huerta-julio\/","og_site_name":"Mvgarden","article_publisher":"https:\/\/www.facebook.com\/mvgarden.sopelana\/","article_published_time":"2019-07-02T16:22:57+00:00","article_modified_time":"2021-07-20T09:42:39+00:00","og_image":[{"width":570,"height":427,"url":"https:\/\/www.mvgarden.com\/garden-center\/wp-content\/uploads\/2018\/07\/geraneos.jpg","type":"image\/jpeg"}],"author":"oscarmv","twitter_card":"summary_large_image","twitter_misc":{"Escrito por":"oscarmv","Tiempo de lectura":"5 minutos"},"schema":{"@context":"https:\/\/schema.org","@graph":[{"@type":"Article","@id":"https:\/\/www.mvgarden.com\/garden-center\/agenda-cuidados-consejos-las-plantas-jardin-terraza-huerta-julio\/#article","isPartOf":{"@id":"https:\/\/www.mvgarden.com\/garden-center\/agenda-cuidados-consejos-las-plantas-jardin-terraza-huerta-julio\/"},"author":{"name":"oscarmv","@id":"https:\/\/www.mvgarden.com\/garden-center\/#\/schema\/person\/6cf644e40ad2a6e6cec5f4de3d1a77ba"},"headline":"Agenda de cuidados y consejos de las plantas, jard\u00edn &#038; terraza, huerta en Julio","datePublished":"2019-07-02T16:22:57+00:00","dateModified":"2021-07-20T09:42:39+00:00","mainEntityOfPage":{"@id":"https:\/\/www.mvgarden.com\/garden-center\/agenda-cuidados-consejos-las-plantas-jardin-terraza-huerta-julio\/"},"wordCount":1013,"publisher":{"@id":"https:\/\/www.mvgarden.com\/garden-center\/#organization"},"image":{"@id":"https:\/\/www.mvgarden.com\/garden-center\/agenda-cuidados-consejos-las-plantas-jardin-terraza-huerta-julio\/#primaryimage"},"thumbnailUrl":"https:\/\/www.mvgarden.com\/garden-center\/wp-content\/uploads\/2018\/07\/geraneos.jpg","keywords":["C\u00e9sped del jard\u00edn","Cosecha","Huerta"],"articleSection":["Plantas y flores"],"inLanguage":"es"},{"@type":"WebPage","@id":"https:\/\/www.mvgarden.com\/garden-center\/agenda-cuidados-consejos-las-plantas-jardin-terraza-huerta-julio\/","url":"https:\/\/www.mvgarden.com\/garden-center\/agenda-cuidados-consejos-las-plantas-jardin-terraza-huerta-julio\/","name":"Agenda de cuidados y consejos de las plantas, jard\u00edn & terraza, huerta en Julio - Mvgarden","isPartOf":{"@id":"https:\/\/www.mvgarden.com\/garden-center\/#website"},"primaryImageOfPage":{"@id":"https:\/\/www.mvgarden.com\/garden-center\/agenda-cuidados-consejos-las-plantas-jardin-terraza-huerta-julio\/#primaryimage"},"image":{"@id":"https:\/\/www.mvgarden.com\/garden-center\/agenda-cuidados-consejos-las-plantas-jardin-terraza-huerta-julio\/#primaryimage"},"thumbnailUrl":"https:\/\/www.mvgarden.com\/garden-center\/wp-content\/uploads\/2018\/07\/geraneos.jpg","datePublished":"2019-07-02T16:22:57+00:00","dateModified":"2021-07-20T09:42:39+00:00","breadcrumb":{"@id":"https:\/\/www.mvgarden.com\/garden-center\/agenda-cuidados-consejos-las-plantas-jardin-terraza-huerta-julio\/#breadcrumb"},"inLanguage":"es","potentialAction":[{"@type":"ReadAction","target":["https:\/\/www.mvgarden.com\/garden-center\/agenda-cuidados-consejos-las-plantas-jardin-terraza-huerta-julio\/"]}]},{"@type":"ImageObject","inLanguage":"es","@id":"https:\/\/www.mvgarden.com\/garden-center\/agenda-cuidados-consejos-las-plantas-jardin-terraza-huerta-julio\/#primaryimage","url":"https:\/\/www.mvgarden.com\/garden-center\/wp-content\/uploads\/2018\/07\/geraneos.jpg","contentUrl":"https:\/\/www.mvgarden.com\/garden-center\/wp-content\/uploads\/2018\/07\/geraneos.jpg","width":570,"height":427,"caption":"Corales y marinos"},{"@type":"BreadcrumbList","@id":"https:\/\/www.mvgarden.com\/garden-center\/agenda-cuidados-consejos-las-plantas-jardin-terraza-huerta-julio\/#breadcrumb","itemListElement":[{"@type":"ListItem","position":1,"name":"Portada","item":"https:\/\/www.mvgarden.com\/garden-center\/"},{"@type":"ListItem","position":2,"name":"Agenda de cuidados y consejos de las plantas, jard\u00edn &#038; terraza, huerta en Julio"}]},{"@type":"WebSite","@id":"https:\/\/www.mvgarden.com\/garden-center\/#website","url":"https:\/\/www.mvgarden.com\/garden-center\/","name":"Garden Center","description":"Garden center Sopela","publisher":{"@id":"https:\/\/www.mvgarden.com\/garden-center\/#organization"},"potentialAction":[{"@type":"SearchAction","target":{"@type":"EntryPoint","urlTemplate":"https:\/\/www.mvgarden.com\/garden-center\/?s={search_term_string}"},"query-input":{"@type":"PropertyValueSpecification","valueRequired":true,"valueName":"search_term_string"}}],"inLanguage":"es"},{"@type":"Organization","@id":"https:\/\/www.mvgarden.com\/garden-center\/#organization","name":"Garden Center","url":"https:\/\/www.mvgarden.com\/garden-center\/","logo":{"@type":"ImageObject","inLanguage":"es","@id":"https:\/\/www.mvgarden.com\/garden-center\/#\/schema\/logo\/image\/","url":"https:\/\/www.mvgarden.com\/garden-center\/wp-content\/uploads\/2024\/05\/logo_mv_form.png","contentUrl":"https:\/\/www.mvgarden.com\/garden-center\/wp-content\/uploads\/2024\/05\/logo_mv_form.png","width":127,"height":97,"caption":"Garden Center"},"image":{"@id":"https:\/\/www.mvgarden.com\/garden-center\/#\/schema\/logo\/image\/"},"sameAs":["https:\/\/www.facebook.com\/mvgarden.sopelana\/","https:\/\/www.instagram.com\/gardencentersopela"]},{"@type":"Person","@id":"https:\/\/www.mvgarden.com\/garden-center\/#\/schema\/person\/6cf644e40ad2a6e6cec5f4de3d1a77ba","name":"oscarmv","url":"https:\/\/www.mvgarden.com\/garden-center\/author\/oscarmv\/"}]}},"_links":{"self":[{"href":"https:\/\/www.mvgarden.com\/garden-center\/wp-json\/wp\/v2\/posts\/5866","targetHints":{"allow":["GET"]}}],"collection":[{"href":"https:\/\/www.mvgarden.com\/garden-center\/wp-json\/wp\/v2\/posts"}],"about":[{"href":"https:\/\/www.mvgarden.com\/garden-center\/wp-json\/wp\/v2\/types\/post"}],"author":[{"embeddable":true,"href":"https:\/\/www.mvgarden.com\/garden-center\/wp-json\/wp\/v2\/users\/2"}],"replies":[{"embeddable":true,"href":"https:\/\/www.mvgarden.com\/garden-center\/wp-json\/wp\/v2\/comments?post=5866"}],"version-history":[{"count":2,"href":"https:\/\/www.mvgarden.com\/garden-center\/wp-json\/wp\/v2\/posts\/5866\/revisions"}],"predecessor-version":[{"id":8162,"href":"https:\/\/www.mvgarden.com\/garden-center\/wp-json\/wp\/v2\/posts\/5866\/revisions\/8162"}],"wp:featuredmedia":[{"embeddable":true,"href":"https:\/\/www.mvgarden.com\/garden-center\/wp-json\/wp\/v2\/media\/4913"}],"wp:attachment":[{"href":"https:\/\/www.mvgarden.com\/garden-center\/wp-json\/wp\/v2\/media?parent=5866"}],"wp:term":[{"taxonomy":"category","embeddable":true,"href":"https:\/\/www.mvgarden.com\/garden-center\/wp-json\/wp\/v2\/categories?post=5866"},{"taxonomy":"post_tag","embeddable":true,"href":"https:\/\/www.mvgarden.com\/garden-center\/wp-json\/wp\/v2\/tags?post=5866"}],"curies":[{"name":"wp","href":"https:\/\/api.w.org\/{rel}","templated":true}]}}