{"id":6991,"date":"2021-06-04T06:13:33","date_gmt":"2021-06-04T06:13:33","guid":{"rendered":"https:\/\/www.mvgarden.com\/garden-center\/sin-categoria\/decoracion_terraza\/"},"modified":"2021-07-27T08:43:22","modified_gmt":"2021-07-27T08:43:22","slug":"decoracion_terraza","status":"publish","type":"post","link":"https:\/\/www.mvgarden.com\/garden-center\/decoracion_terraza\/","title":{"rendered":"Esta noche salimos, pero nos quedamos en casa"},"content":{"rendered":"\r\n<p>\u00bfSalir a disfrutar de la terraza es quedar-se en casa? Depende. Si te planteas una cena con un grupo de amigos de aquellos que te hacen amar la vida en todos sus sentidos, quiz\u00e1 acabes yendo muy lejos. Esc\u00e1pate del mundo por una noche gracias a la decoraci\u00f3n de tu terraza, llen\u00e1ndola de luces, de velas y antorchas, crea una atm\u00f3sfera m\u00e1gica y conseguir\u00e1s una cena de esas que se salen. Tus amigos disfrutar\u00e1n y t\u00fa, como anfitri\u00f3n, m\u00e1s a\u00fan.<\/p>\r\n\r\n\r\n\r\n<p>Todos disfrutamos de la buena compa\u00f1\u00eda, y la familia y los amigos suelen ser de la mejores. Aunque no debemos olvidar alguna cenita rom\u00e1ntica con tu pareja, para no descuidar ese v\u00ednculo tan especial. As\u00ed que aqu\u00ed van algunas ideas para la <a href=\"https:\/\/www.mvgarden.com\/jardin-y-terraza\/\">decoraci\u00f3n de tu terraza<\/a> o jard\u00edn para generar un ambiente un poco m\u00e1s acorde para momentos tan especiales.<\/p>\r\n\r\n\r\n\r\n<h2 class=\"wp-block-heading\">La iluminaci\u00f3n de exterior<\/h2>\r\n\r\n\r\n\r\n<p>Si es de d\u00eda no hay de qu\u00e9 preocuparse, pero si queremos que sea una cena tenemos que prepararnos para iluminar el exterior en cuanto el sol se vaya por el horizonte. Tambi\u00e9n puede ser que una comida se alargue tanto que termine convirti\u00e9ndose en una cena\u2026 Seguro que nos ha pasado a todos m\u00e1s de una vez en esos calurosos d\u00edas de verano. Y aunque ya tendr\u00e1s iluminaci\u00f3n para tu terraza o jard\u00edn, lo que os proponemos es utilizar una luz m\u00e1s \u00edntima, para generar un ambiente acogedor y que incentive las largas tertulias, cuestiones filos\u00f3ficas y alguna que otra confidencia.<br \/>Puedes utilizar velas (hay incluso velas antimosquitos) y colocarlas por el centro de la mesa, pero siempre con cuidado de no colocar nada inflamable cerca, como las servilletas de papel.<\/p>\r\n\r\n\r\n\r\n<p>Para grandes jardines unas antorchas quedan espectaculares y dejar\u00e1s a tus invitados con la boca abierta. Tambi\u00e9n hoy en d\u00eda hay m\u00faltiples posibilidades de l\u00e1mparas con placas solares, e incluso guirnaldas de luces, dando un aspecto agradable y chic, para la decoraci\u00f3n de tu terraza o balc\u00f3n.<\/p>\r\n\r\n\r\n\r\n<h2 class=\"wp-block-heading\">Muebles de jard\u00edn<\/h2>\r\n\r\n\r\n\r\n<p>Para celebrar una comida o cena en tu jard\u00edn, terraza o balc\u00f3n son necesarias unas mesas y unas sillas y si son c\u00f3modas mucho mejor, ya que as\u00ed nuestros invitados no querr\u00e1n marcharse en seguida. Esta parte seguro que ya la tendr\u00e1s controlada, y que has conseguido unos muebles bonitos y aptos para la intemperie. Pero tal vez no te hab\u00edas dado cuenta de que podemos servirnos de muebles auxiliares, como carritos, para poder mover c\u00f3modamente las cosas del interior al exterior. Y tener alg\u00fan asiento extra y cojines nunca est\u00e1 de m\u00e1s. As\u00ed si viene alg\u00fan invitado de improviso tendr\u00e1s un lugar para ofrecerle sentarse.<\/p>\r\n\r\n\r\n\r\n<h2 class=\"wp-block-heading\">La decoraci\u00f3n para tu terraza o balc\u00f3n<\/h2>\r\n\r\n\r\n\r\n<p>\u00bfY por qu\u00e9 no celebrar una noche tem\u00e1tica? Recordando aquel viaje que hicisteis juntos puedes preparar platos t\u00edpicos de ese lugar. Recorrer el mundo y sus culturas a trav\u00e9s de la comida y la decoraci\u00f3n sin salir de tu casa. El lunes noche hawaiana con sus t\u00edpicos collares de flores, el mi\u00e9rcoles noche japonesa con sushi y la pelea de tu amigo con los palillos, el viernes hacemos tacos mexicanos\u2026 vuestra imaginaci\u00f3n y vuestros gustos ser\u00e1n los que pongan los l\u00edmites.<\/p>\r\n\r\n\r\n\r\n<p><br \/>Tambi\u00e9n podemos usar decoraci\u00f3n para la terraza seg\u00fan la temporada. Igual que en Navidad decoramos el interior de los hogares en verano podemos adornar el exterior con colores frescos y alegres t\u00edpicos de verano. Esto lo conseguiremos con los textiles, con los cojines o las alfombras de exterior. Puedes cambiarlos para dar un toque diferente de manera f\u00e1cil y econ\u00f3mica y cambiar por completo la ambientaci\u00f3n.<\/p>\r\n\r\n\r\n\r\n<h2 class=\"wp-block-heading\">Atr\u00e9vete a mezclar y crea un espacio \u00fanico<\/h2>\r\n\r\n\r\n\r\n<p>No te cortes. Atr\u00e9vete a mezclar materiales (rat\u00e1n, pl\u00e1stico o madera) y estilos (r\u00fastico, minimalista, bohemio\u2026) porque seguro que te sorprende la mezcla. El exterior es un espacio m\u00e1s relajado, en el que solo debes sentirte c\u00f3modo y a gusto, as\u00ed que \u00a1pon las cosas que te gusten! Una hamaca entre dos \u00e1rboles para grandes siestas, un sill\u00f3n a la sombra de un \u00e1rbol para leer, un columpio en el porche\u2026 crea ese espacio que te apetezca utilizar a diario.<br \/>Recuerda buscar un espacio a la sombra, y otro espacio para tomar el sol. El sol es bueno para que creemos vitamina D y mejorar nuestro estado de \u00e1nimo. Pero si vas a estar mucho rato acu\u00e9rdate de la crema protectora y evita las quemaduras. Podemos utilizar sombrillas para crear la sombra cuando la necesitemos y disfrutar del sol cuando queramos.<\/p>\r\n\r\n\r\n\r\n<h2 class=\"wp-block-heading\">Plantas, plantas y m\u00e1s plantas<\/h2>\r\n\r\n\r\n\r\n<p>Porque nos encanta rodearnos de naturaleza. Nada m\u00e1s bonito que nuestro propio rinc\u00f3n verde donde refugiarnos del d\u00eda a d\u00eda en la ciudad. Adem\u00e1s cuidarlas es un gustazo, ver c\u00f3mo van creciendo y adem\u00e1s nos ofrecen flores o frutos. Si tu problema es falta de tiempo no te preocupes, que tambi\u00e9n hay plantas que apenas necesitan mantenimiento: como las trepadoras buganvillas, la glicinia y el jazm\u00edn chino, la yuca (que recuerda a las palmeras) o las hierbas arom\u00e1ticas con las que adem\u00e1s tu jard\u00edn o balc\u00f3n oler\u00e1 de maravilla (lavanda, romero\u2026).<\/p>\r\n\r\n\r\n\r\n<p><br \/>Si tienes dudas sobre qu\u00e9 es lo mejor que puedes plantar seg\u00fan tu espacio o clima \u00a1preg\u00fantanos! Nuestro equipo de Garden Center en Sopela estar\u00e1 encantado de ayudarte.<\/p>\r\n","protected":false},"excerpt":{"rendered":"<p>\u00bfSalir a disfrutar de la terraza es quedar-se en casa? Depende. Si te planteas una cena con un grupo de amigos de aquellos que te hacen amar la vida en todos sus sentidos, quiz\u00e1 acabes yendo muy lejos. Esc\u00e1pate del mundo por una noche gracias a la decoraci\u00f3n de tu terraza, llen\u00e1ndola de luces, de [&hellip;]<\/p>\n","protected":false},"author":2,"featured_media":5243,"comment_status":"closed","ping_status":"open","sticky":false,"template":"","format":"standard","meta":{"inline_featured_image":false,"footnotes":""},"categories":[129],"tags":[98],"class_list":["post-6991","post","type-post","status-publish","format-standard","has-post-thumbnail","hentry","category-decoracion-terraza-balcon","tag-plantas-aromaticas"],"yoast_head":"<!-- This site is optimized with the Yoast SEO plugin v27.5 - https:\/\/yoast.com\/product\/yoast-seo-wordpress\/ -->\n<title>Esta noche salimos, pero nos quedamos en casa - Mvgarden<\/title>\n<meta name=\"robots\" content=\"index, follow, max-snippet:-1, max-image-preview:large, max-video-preview:-1\" \/>\n<link rel=\"canonical\" href=\"https:\/\/www.mvgarden.com\/garden-center\/decoracion_terraza\/\" \/>\n<meta property=\"og:locale\" content=\"es_ES\" \/>\n<meta property=\"og:type\" content=\"article\" \/>\n<meta property=\"og:title\" content=\"Esta noche salimos, pero nos quedamos en casa - Mvgarden\" \/>\n<meta property=\"og:description\" content=\"\u00bfSalir a disfrutar de la terraza es quedar-se en casa? Depende. Si te planteas una cena con un grupo de amigos de aquellos que te hacen amar la vida en todos sus sentidos, quiz\u00e1 acabes yendo muy lejos. Esc\u00e1pate del mundo por una noche gracias a la decoraci\u00f3n de tu terraza, llen\u00e1ndola de luces, de [&hellip;]\" \/>\n<meta property=\"og:url\" content=\"https:\/\/www.mvgarden.com\/garden-center\/decoracion_terraza\/\" \/>\n<meta property=\"og:site_name\" content=\"Mvgarden\" \/>\n<meta property=\"article:publisher\" content=\"https:\/\/www.facebook.com\/mvgarden.sopelana\/\" \/>\n<meta property=\"article:published_time\" content=\"2021-06-04T06:13:33+00:00\" \/>\n<meta property=\"article:modified_time\" content=\"2021-07-27T08:43:22+00:00\" \/>\n<meta property=\"og:image\" content=\"https:\/\/www.mvgarden.com\/garden-center\/wp-content\/uploads\/2021\/06\/Cena-en-el-jardin.-Garden-Center-Sopela.jpg\" \/>\n\t<meta property=\"og:image:width\" content=\"1280\" \/>\n\t<meta property=\"og:image:height\" content=\"853\" \/>\n\t<meta property=\"og:image:type\" content=\"image\/jpeg\" \/>\n<meta name=\"author\" content=\"oscarmv\" \/>\n<meta name=\"twitter:card\" content=\"summary_large_image\" \/>\n<meta name=\"twitter:label1\" content=\"Escrito por\" \/>\n\t<meta name=\"twitter:data1\" content=\"oscarmv\" \/>\n\t<meta name=\"twitter:label2\" content=\"Tiempo de lectura\" \/>\n\t<meta name=\"twitter:data2\" content=\"4 minutos\" \/>\n<script type=\"application\/ld+json\" class=\"yoast-schema-graph\">{\"@context\":\"https:\\\/\\\/schema.org\",\"@graph\":[{\"@type\":\"Article\",\"@id\":\"https:\\\/\\\/www.mvgarden.com\\\/garden-center\\\/decoracion_terraza\\\/#article\",\"isPartOf\":{\"@id\":\"https:\\\/\\\/www.mvgarden.com\\\/garden-center\\\/decoracion_terraza\\\/\"},\"author\":{\"name\":\"oscarmv\",\"@id\":\"https:\\\/\\\/www.mvgarden.com\\\/garden-center\\\/#\\\/schema\\\/person\\\/6cf644e40ad2a6e6cec5f4de3d1a77ba\"},\"headline\":\"Esta noche salimos, pero nos quedamos en casa\",\"datePublished\":\"2021-06-04T06:13:33+00:00\",\"dateModified\":\"2021-07-27T08:43:22+00:00\",\"mainEntityOfPage\":{\"@id\":\"https:\\\/\\\/www.mvgarden.com\\\/garden-center\\\/decoracion_terraza\\\/\"},\"wordCount\":956,\"publisher\":{\"@id\":\"https:\\\/\\\/www.mvgarden.com\\\/garden-center\\\/#organization\"},\"image\":{\"@id\":\"https:\\\/\\\/www.mvgarden.com\\\/garden-center\\\/decoracion_terraza\\\/#primaryimage\"},\"thumbnailUrl\":\"https:\\\/\\\/www.mvgarden.com\\\/garden-center\\\/wp-content\\\/uploads\\\/2021\\\/06\\\/Cena-en-el-jardin.-Garden-Center-Sopela.jpg\",\"keywords\":[\"Plantas arom\u00e1ticas\"],\"articleSection\":[\"Decoraci\u00f3n terraza o balc\u00f3n\"],\"inLanguage\":\"es\"},{\"@type\":\"WebPage\",\"@id\":\"https:\\\/\\\/www.mvgarden.com\\\/garden-center\\\/decoracion_terraza\\\/\",\"url\":\"https:\\\/\\\/www.mvgarden.com\\\/garden-center\\\/decoracion_terraza\\\/\",\"name\":\"Esta noche salimos, pero nos quedamos en casa - Mvgarden\",\"isPartOf\":{\"@id\":\"https:\\\/\\\/www.mvgarden.com\\\/garden-center\\\/#website\"},\"primaryImageOfPage\":{\"@id\":\"https:\\\/\\\/www.mvgarden.com\\\/garden-center\\\/decoracion_terraza\\\/#primaryimage\"},\"image\":{\"@id\":\"https:\\\/\\\/www.mvgarden.com\\\/garden-center\\\/decoracion_terraza\\\/#primaryimage\"},\"thumbnailUrl\":\"https:\\\/\\\/www.mvgarden.com\\\/garden-center\\\/wp-content\\\/uploads\\\/2021\\\/06\\\/Cena-en-el-jardin.-Garden-Center-Sopela.jpg\",\"datePublished\":\"2021-06-04T06:13:33+00:00\",\"dateModified\":\"2021-07-27T08:43:22+00:00\",\"breadcrumb\":{\"@id\":\"https:\\\/\\\/www.mvgarden.com\\\/garden-center\\\/decoracion_terraza\\\/#breadcrumb\"},\"inLanguage\":\"es\",\"potentialAction\":[{\"@type\":\"ReadAction\",\"target\":[\"https:\\\/\\\/www.mvgarden.com\\\/garden-center\\\/decoracion_terraza\\\/\"]}]},{\"@type\":\"ImageObject\",\"inLanguage\":\"es\",\"@id\":\"https:\\\/\\\/www.mvgarden.com\\\/garden-center\\\/decoracion_terraza\\\/#primaryimage\",\"url\":\"https:\\\/\\\/www.mvgarden.com\\\/garden-center\\\/wp-content\\\/uploads\\\/2021\\\/06\\\/Cena-en-el-jardin.-Garden-Center-Sopela.jpg\",\"contentUrl\":\"https:\\\/\\\/www.mvgarden.com\\\/garden-center\\\/wp-content\\\/uploads\\\/2021\\\/06\\\/Cena-en-el-jardin.-Garden-Center-Sopela.jpg\",\"width\":1280,\"height\":853,\"caption\":\"Decoraci\u00f3n de terraza, balc\u00f3n o jard\u00edn. Garden Center Sopela\"},{\"@type\":\"BreadcrumbList\",\"@id\":\"https:\\\/\\\/www.mvgarden.com\\\/garden-center\\\/decoracion_terraza\\\/#breadcrumb\",\"itemListElement\":[{\"@type\":\"ListItem\",\"position\":1,\"name\":\"Portada\",\"item\":\"https:\\\/\\\/www.mvgarden.com\\\/garden-center\\\/\"},{\"@type\":\"ListItem\",\"position\":2,\"name\":\"Esta noche salimos, pero nos quedamos en casa\"}]},{\"@type\":\"WebSite\",\"@id\":\"https:\\\/\\\/www.mvgarden.com\\\/garden-center\\\/#website\",\"url\":\"https:\\\/\\\/www.mvgarden.com\\\/garden-center\\\/\",\"name\":\"Garden Center\",\"description\":\"Garden center Sopela\",\"publisher\":{\"@id\":\"https:\\\/\\\/www.mvgarden.com\\\/garden-center\\\/#organization\"},\"potentialAction\":[{\"@type\":\"SearchAction\",\"target\":{\"@type\":\"EntryPoint\",\"urlTemplate\":\"https:\\\/\\\/www.mvgarden.com\\\/garden-center\\\/?s={search_term_string}\"},\"query-input\":{\"@type\":\"PropertyValueSpecification\",\"valueRequired\":true,\"valueName\":\"search_term_string\"}}],\"inLanguage\":\"es\"},{\"@type\":\"Organization\",\"@id\":\"https:\\\/\\\/www.mvgarden.com\\\/garden-center\\\/#organization\",\"name\":\"Garden Center\",\"url\":\"https:\\\/\\\/www.mvgarden.com\\\/garden-center\\\/\",\"logo\":{\"@type\":\"ImageObject\",\"inLanguage\":\"es\",\"@id\":\"https:\\\/\\\/www.mvgarden.com\\\/garden-center\\\/#\\\/schema\\\/logo\\\/image\\\/\",\"url\":\"https:\\\/\\\/www.mvgarden.com\\\/garden-center\\\/wp-content\\\/uploads\\\/2024\\\/05\\\/logo_mv_form.png\",\"contentUrl\":\"https:\\\/\\\/www.mvgarden.com\\\/garden-center\\\/wp-content\\\/uploads\\\/2024\\\/05\\\/logo_mv_form.png\",\"width\":127,\"height\":97,\"caption\":\"Garden Center\"},\"image\":{\"@id\":\"https:\\\/\\\/www.mvgarden.com\\\/garden-center\\\/#\\\/schema\\\/logo\\\/image\\\/\"},\"sameAs\":[\"https:\\\/\\\/www.facebook.com\\\/mvgarden.sopelana\\\/\",\"https:\\\/\\\/www.instagram.com\\\/gardencentersopela\"]},{\"@type\":\"Person\",\"@id\":\"https:\\\/\\\/www.mvgarden.com\\\/garden-center\\\/#\\\/schema\\\/person\\\/6cf644e40ad2a6e6cec5f4de3d1a77ba\",\"name\":\"oscarmv\",\"url\":\"https:\\\/\\\/www.mvgarden.com\\\/garden-center\\\/author\\\/oscarmv\\\/\"}]}<\/script>\n<!-- \/ Yoast SEO plugin. -->","yoast_head_json":{"title":"Esta noche salimos, pero nos quedamos en casa - Mvgarden","robots":{"index":"index","follow":"follow","max-snippet":"max-snippet:-1","max-image-preview":"max-image-preview:large","max-video-preview":"max-video-preview:-1"},"canonical":"https:\/\/www.mvgarden.com\/garden-center\/decoracion_terraza\/","og_locale":"es_ES","og_type":"article","og_title":"Esta noche salimos, pero nos quedamos en casa - Mvgarden","og_description":"\u00bfSalir a disfrutar de la terraza es quedar-se en casa? Depende. Si te planteas una cena con un grupo de amigos de aquellos que te hacen amar la vida en todos sus sentidos, quiz\u00e1 acabes yendo muy lejos. Esc\u00e1pate del mundo por una noche gracias a la decoraci\u00f3n de tu terraza, llen\u00e1ndola de luces, de [&hellip;]","og_url":"https:\/\/www.mvgarden.com\/garden-center\/decoracion_terraza\/","og_site_name":"Mvgarden","article_publisher":"https:\/\/www.facebook.com\/mvgarden.sopelana\/","article_published_time":"2021-06-04T06:13:33+00:00","article_modified_time":"2021-07-27T08:43:22+00:00","og_image":[{"width":1280,"height":853,"url":"https:\/\/www.mvgarden.com\/garden-center\/wp-content\/uploads\/2021\/06\/Cena-en-el-jardin.-Garden-Center-Sopela.jpg","type":"image\/jpeg"}],"author":"oscarmv","twitter_card":"summary_large_image","twitter_misc":{"Escrito por":"oscarmv","Tiempo de lectura":"4 minutos"},"schema":{"@context":"https:\/\/schema.org","@graph":[{"@type":"Article","@id":"https:\/\/www.mvgarden.com\/garden-center\/decoracion_terraza\/#article","isPartOf":{"@id":"https:\/\/www.mvgarden.com\/garden-center\/decoracion_terraza\/"},"author":{"name":"oscarmv","@id":"https:\/\/www.mvgarden.com\/garden-center\/#\/schema\/person\/6cf644e40ad2a6e6cec5f4de3d1a77ba"},"headline":"Esta noche salimos, pero nos quedamos en casa","datePublished":"2021-06-04T06:13:33+00:00","dateModified":"2021-07-27T08:43:22+00:00","mainEntityOfPage":{"@id":"https:\/\/www.mvgarden.com\/garden-center\/decoracion_terraza\/"},"wordCount":956,"publisher":{"@id":"https:\/\/www.mvgarden.com\/garden-center\/#organization"},"image":{"@id":"https:\/\/www.mvgarden.com\/garden-center\/decoracion_terraza\/#primaryimage"},"thumbnailUrl":"https:\/\/www.mvgarden.com\/garden-center\/wp-content\/uploads\/2021\/06\/Cena-en-el-jardin.-Garden-Center-Sopela.jpg","keywords":["Plantas arom\u00e1ticas"],"articleSection":["Decoraci\u00f3n terraza o balc\u00f3n"],"inLanguage":"es"},{"@type":"WebPage","@id":"https:\/\/www.mvgarden.com\/garden-center\/decoracion_terraza\/","url":"https:\/\/www.mvgarden.com\/garden-center\/decoracion_terraza\/","name":"Esta noche salimos, pero nos quedamos en casa - Mvgarden","isPartOf":{"@id":"https:\/\/www.mvgarden.com\/garden-center\/#website"},"primaryImageOfPage":{"@id":"https:\/\/www.mvgarden.com\/garden-center\/decoracion_terraza\/#primaryimage"},"image":{"@id":"https:\/\/www.mvgarden.com\/garden-center\/decoracion_terraza\/#primaryimage"},"thumbnailUrl":"https:\/\/www.mvgarden.com\/garden-center\/wp-content\/uploads\/2021\/06\/Cena-en-el-jardin.-Garden-Center-Sopela.jpg","datePublished":"2021-06-04T06:13:33+00:00","dateModified":"2021-07-27T08:43:22+00:00","breadcrumb":{"@id":"https:\/\/www.mvgarden.com\/garden-center\/decoracion_terraza\/#breadcrumb"},"inLanguage":"es","potentialAction":[{"@type":"ReadAction","target":["https:\/\/www.mvgarden.com\/garden-center\/decoracion_terraza\/"]}]},{"@type":"ImageObject","inLanguage":"es","@id":"https:\/\/www.mvgarden.com\/garden-center\/decoracion_terraza\/#primaryimage","url":"https:\/\/www.mvgarden.com\/garden-center\/wp-content\/uploads\/2021\/06\/Cena-en-el-jardin.-Garden-Center-Sopela.jpg","contentUrl":"https:\/\/www.mvgarden.com\/garden-center\/wp-content\/uploads\/2021\/06\/Cena-en-el-jardin.-Garden-Center-Sopela.jpg","width":1280,"height":853,"caption":"Decoraci\u00f3n de terraza, balc\u00f3n o jard\u00edn. Garden Center Sopela"},{"@type":"BreadcrumbList","@id":"https:\/\/www.mvgarden.com\/garden-center\/decoracion_terraza\/#breadcrumb","itemListElement":[{"@type":"ListItem","position":1,"name":"Portada","item":"https:\/\/www.mvgarden.com\/garden-center\/"},{"@type":"ListItem","position":2,"name":"Esta noche salimos, pero nos quedamos en casa"}]},{"@type":"WebSite","@id":"https:\/\/www.mvgarden.com\/garden-center\/#website","url":"https:\/\/www.mvgarden.com\/garden-center\/","name":"Garden Center","description":"Garden center Sopela","publisher":{"@id":"https:\/\/www.mvgarden.com\/garden-center\/#organization"},"potentialAction":[{"@type":"SearchAction","target":{"@type":"EntryPoint","urlTemplate":"https:\/\/www.mvgarden.com\/garden-center\/?s={search_term_string}"},"query-input":{"@type":"PropertyValueSpecification","valueRequired":true,"valueName":"search_term_string"}}],"inLanguage":"es"},{"@type":"Organization","@id":"https:\/\/www.mvgarden.com\/garden-center\/#organization","name":"Garden Center","url":"https:\/\/www.mvgarden.com\/garden-center\/","logo":{"@type":"ImageObject","inLanguage":"es","@id":"https:\/\/www.mvgarden.com\/garden-center\/#\/schema\/logo\/image\/","url":"https:\/\/www.mvgarden.com\/garden-center\/wp-content\/uploads\/2024\/05\/logo_mv_form.png","contentUrl":"https:\/\/www.mvgarden.com\/garden-center\/wp-content\/uploads\/2024\/05\/logo_mv_form.png","width":127,"height":97,"caption":"Garden Center"},"image":{"@id":"https:\/\/www.mvgarden.com\/garden-center\/#\/schema\/logo\/image\/"},"sameAs":["https:\/\/www.facebook.com\/mvgarden.sopelana\/","https:\/\/www.instagram.com\/gardencentersopela"]},{"@type":"Person","@id":"https:\/\/www.mvgarden.com\/garden-center\/#\/schema\/person\/6cf644e40ad2a6e6cec5f4de3d1a77ba","name":"oscarmv","url":"https:\/\/www.mvgarden.com\/garden-center\/author\/oscarmv\/"}]}},"_links":{"self":[{"href":"https:\/\/www.mvgarden.com\/garden-center\/wp-json\/wp\/v2\/posts\/6991","targetHints":{"allow":["GET"]}}],"collection":[{"href":"https:\/\/www.mvgarden.com\/garden-center\/wp-json\/wp\/v2\/posts"}],"about":[{"href":"https:\/\/www.mvgarden.com\/garden-center\/wp-json\/wp\/v2\/types\/post"}],"author":[{"embeddable":true,"href":"https:\/\/www.mvgarden.com\/garden-center\/wp-json\/wp\/v2\/users\/2"}],"replies":[{"embeddable":true,"href":"https:\/\/www.mvgarden.com\/garden-center\/wp-json\/wp\/v2\/comments?post=6991"}],"version-history":[{"count":3,"href":"https:\/\/www.mvgarden.com\/garden-center\/wp-json\/wp\/v2\/posts\/6991\/revisions"}],"predecessor-version":[{"id":13430,"href":"https:\/\/www.mvgarden.com\/garden-center\/wp-json\/wp\/v2\/posts\/6991\/revisions\/13430"}],"wp:featuredmedia":[{"embeddable":true,"href":"https:\/\/www.mvgarden.com\/garden-center\/wp-json\/wp\/v2\/media\/5243"}],"wp:attachment":[{"href":"https:\/\/www.mvgarden.com\/garden-center\/wp-json\/wp\/v2\/media?parent=6991"}],"wp:term":[{"taxonomy":"category","embeddable":true,"href":"https:\/\/www.mvgarden.com\/garden-center\/wp-json\/wp\/v2\/categories?post=6991"},{"taxonomy":"post_tag","embeddable":true,"href":"https:\/\/www.mvgarden.com\/garden-center\/wp-json\/wp\/v2\/tags?post=6991"}],"curies":[{"name":"wp","href":"https:\/\/api.w.org\/{rel}","templated":true}]}}